{"id":206480,"date":"2025-06-26T18:51:13","date_gmt":"2025-06-26T18:51:13","guid":{"rendered":"https:\/\/www.europesays.com\/fr\/206480\/"},"modified":"2025-06-26T18:51:13","modified_gmt":"2025-06-26T18:51:13","slug":"ze-watt-un-nouveau-site-toulousain-pour-continuer-a-rendre-la-mobilite-decarbonee-branchee","status":"publish","type":"post","link":"https:\/\/www.europesays.com\/fr\/206480\/","title":{"rendered":"Ze-Watt. Un nouveau site toulousain pour continuer \u00e0 rendre la mobilit\u00e9 d\u00e9carbon\u00e9e branch\u00e9e"},"content":{"rendered":"<p>\t\t  Ze-Watt. Un nouveau site toulousain pour continuer \u00e0 rendre la mobilit\u00e9 d\u00e9carbon\u00e9e branch\u00e9e &#13;<br \/>\n  &#13;<br \/>\n\t&#13;<br \/>\n&#13;<br \/>\n&#13;<br \/>\n&#13;<br \/>\n&#13;<br \/>\n &#13;<br \/>\n\t&#13;<br \/>\n&#13;<\/p>\n<p>\n\t\t\tSource : https:\/\/www.touleco.fr\/Ze-Watt-Un-nouveau-site-toulousain-pour-continuer-a-rendre-la,47139\n\t\t<\/p>\n","protected":false},"excerpt":{"rendered":"Ze-Watt. Un nouveau site toulousain pour continuer \u00e0 rendre la mobilit\u00e9 d\u00e9carbon\u00e9e branch\u00e9e &#13; &#13; &#13; &#13; &#13;&hellip;\n","protected":false},"author":2,"featured_media":206481,"comment_status":"","ping_status":"","sticky":false,"template":"","format":"standard","meta":{"footnotes":""},"categories":[2816],"tags":[1111,11,893,2830,1777,674,1011,27,12,2680,25,2312,34513],"class_list":{"0":"post-206480","1":"post","2":"type-post","3":"status-publish","4":"format-standard","5":"has-post-thumbnail","7":"category-toulouse","8":"tag-actu","9":"tag-actualites","10":"tag-energie","11":"tag-energies-renouvelables","12":"tag-eu","13":"tag-europe","14":"tag-fr","15":"tag-france","16":"tag-news","17":"tag-occitanie","18":"tag-republique-francaise","19":"tag-toulouse","20":"tag-ze-watt"},"share_on_mastodon":{"url":"https:\/\/pubeurope.com\/@fr\/114751175648690829","error":""},"_links":{"self":[{"href":"https:\/\/www.europesays.com\/fr\/wp-json\/wp\/v2\/posts\/206480","targetHints":{"allow":["GET"]}}],"collection":[{"href":"https:\/\/www.europesays.com\/fr\/wp-json\/wp\/v2\/posts"}],"about":[{"href":"https:\/\/www.europesays.com\/fr\/wp-json\/wp\/v2\/types\/post"}],"author":[{"embeddable":true,"href":"https:\/\/www.europesays.com\/fr\/wp-json\/wp\/v2\/users\/2"}],"replies":[{"embeddable":true,"href":"https:\/\/www.europesays.com\/fr\/wp-json\/wp\/v2\/comments?post=206480"}],"version-history":[{"count":0,"href":"https:\/\/www.europesays.com\/fr\/wp-json\/wp\/v2\/posts\/206480\/revisions"}],"wp:featuredmedia":[{"embeddable":true,"href":"https:\/\/www.europesays.com\/fr\/wp-json\/wp\/v2\/media\/206481"}],"wp:attachment":[{"href":"https:\/\/www.europesays.com\/fr\/wp-json\/wp\/v2\/media?parent=206480"}],"wp:term":[{"taxonomy":"category","embeddable":true,"href":"https:\/\/www.europesays.com\/fr\/wp-json\/wp\/v2\/categories?post=206480"},{"taxonomy":"post_tag","embeddable":true,"href":"https:\/\/www.europesays.com\/fr\/wp-json\/wp\/v2\/tags?post=206480"}],"curies":[{"name":"wp","href":"https:\/\/api.w.org\/{rel}","templated":true}]}}