{"id":206483,"date":"2025-06-26T18:53:10","date_gmt":"2025-06-26T18:53:10","guid":{"rendered":"https:\/\/www.europesays.com\/fr\/206483\/"},"modified":"2025-06-26T18:53:10","modified_gmt":"2025-06-26T18:53:10","slug":"tout-parait-normal-alors-que-rien-ne-lest-dans-les-rues-de-lille-avec-marine-de-la-star-academy","status":"publish","type":"post","link":"https:\/\/www.europesays.com\/fr\/206483\/","title":{"rendered":"\u00ab\u00a0Tout para\u00eet normal, alors que rien ne l\u2019est\u00a0\u00bb\u00a0: dans les rues de Lille avec Marine de la \u00ab\u00a0Star Academy\u00a0\u00bb"},"content":{"rendered":"<p class=\"paragraph text_align_left lp-f-body-02\">\u00ab La chaleur des maisons, le b\u00e9ton, les corons, je crois que j\u2019ai le c\u0153ur en briques rouges \u00bb, chante-t-elle avec \u00e9motion dans \u00ab Des gens bien \u00bb. Ce jeudi 26 juin \u00e0 Lille, tout y est. M\u00eame la pluie qui bat les pav\u00e9s de la c\u00e9l\u00e8bre Grand\u2019Place. \u00c0 quelques heures de la sortie de son premier album, \u00ab C\u0153ur maladroit \u00bb, <a href=\"https:\/\/www.leparisien.fr\/culture-loisirs\/tv\/marine-gagnante-de-star-academy-nous-dit-tout-sur-son-album-je-ne-voulais-que-des-choses-vraies-22-05-2025-V34U2QJZNRFZVBV5ZGAX57GH6I.php\" target=\"_blank\" rel=\"noreferrer nofollow noopener\">Marine<\/a> nous re\u00e7oit dans son Nord natal.<\/p>\n<p class=\"paragraph text_align_left lp-f-body-02\">\u00ab C\u2019est l\u00e0 o\u00f9 je me sens le plus chez moi \u00bb, glisse <a href=\"https:\/\/www.leparisien.fr\/culture-loisirs\/tv\/marine-gagnante-de-la-star-academy-je-vais-mettre-de-cote-le-projet-dentiste-pour-linstant-26-01-2025-ZIZ5HN5ZNBBHDP7CDBAVGO3L3E.php?ts=1747903905928\" target=\"_blank\" rel=\"noreferrer nofollow noopener\">la gagnante de la derni\u00e8re \u00ab Star Academy \u00bb.<\/a> \u00ab \u00c0 la maison \u00bb, comme le clame la jeune artiste de 25 ans dans un titre \u00e9ponyme. Tout un symbole de revenir ici pour celle qui tient \u00e0 ses racines et a m\u00eame pr\u00e9vu un showcase \u00e0 la Fnac, \u00e0 minuit pile.<\/p>\n","protected":false},"excerpt":{"rendered":"\u00ab La chaleur des maisons, le b\u00e9ton, les corons, je crois que j\u2019ai le c\u0153ur en briques rouges&hellip;\n","protected":false},"author":2,"featured_media":206484,"comment_status":"","ping_status":"","sticky":false,"template":"","format":"standard","meta":{"footnotes":""},"categories":[2815],"tags":[1111,11,872,459,1777,674,1011,27,811,1307,12,25,2205],"class_list":{"0":"post-206483","1":"post","2":"type-post","3":"status-publish","4":"format-standard","5":"has-post-thumbnail","7":"category-lille","8":"tag-actu","9":"tag-actualites","10":"tag-culture-et-loisirs","11":"tag-departements-horsidfo","12":"tag-eu","13":"tag-europe","14":"tag-fr","15":"tag-france","16":"tag-hauts-de-france","17":"tag-lille","18":"tag-news","19":"tag-republique-francaise","20":"tag-television-medias"},"share_on_mastodon":{"url":"https:\/\/pubeurope.com\/@fr\/114751183519293846","error":""},"_links":{"self":[{"href":"https:\/\/www.europesays.com\/fr\/wp-json\/wp\/v2\/posts\/206483","targetHints":{"allow":["GET"]}}],"collection":[{"href":"https:\/\/www.europesays.com\/fr\/wp-json\/wp\/v2\/posts"}],"about":[{"href":"https:\/\/www.europesays.com\/fr\/wp-json\/wp\/v2\/types\/post"}],"author":[{"embeddable":true,"href":"https:\/\/www.europesays.com\/fr\/wp-json\/wp\/v2\/users\/2"}],"replies":[{"embeddable":true,"href":"https:\/\/www.europesays.com\/fr\/wp-json\/wp\/v2\/comments?post=206483"}],"version-history":[{"count":0,"href":"https:\/\/www.europesays.com\/fr\/wp-json\/wp\/v2\/posts\/206483\/revisions"}],"wp:featuredmedia":[{"embeddable":true,"href":"https:\/\/www.europesays.com\/fr\/wp-json\/wp\/v2\/media\/206484"}],"wp:attachment":[{"href":"https:\/\/www.europesays.com\/fr\/wp-json\/wp\/v2\/media?parent=206483"}],"wp:term":[{"taxonomy":"category","embeddable":true,"href":"https:\/\/www.europesays.com\/fr\/wp-json\/wp\/v2\/categories?post=206483"},{"taxonomy":"post_tag","embeddable":true,"href":"https:\/\/www.europesays.com\/fr\/wp-json\/wp\/v2\/tags?post=206483"}],"curies":[{"name":"wp","href":"https:\/\/api.w.org\/{rel}","templated":true}]}}