{"id":206487,"date":"2025-06-26T18:55:09","date_gmt":"2025-06-26T18:55:09","guid":{"rendered":"https:\/\/www.europesays.com\/fr\/206487\/"},"modified":"2025-06-26T18:55:09","modified_gmt":"2025-06-26T18:55:09","slug":"piscines-gratuites-parcs-et-jardins-ouverts-le-soir-le-dispositif-de-vendredi-27-juin","status":"publish","type":"post","link":"https:\/\/www.europesays.com\/fr\/206487\/","title":{"rendered":"piscines gratuites, parcs et jardins ouverts le soir\u2026 le dispositif de vendredi 27 juin"},"content":{"rendered":"<p>Alors que le d\u00e9partement des Bouches-du-Rh\u00f4ne est plac\u00e9 en <a href=\"https:\/\/www.laprovence.com\/article\/france-monde\/8107560827465714\/canicule-quatre-departements-du-sud-de-la-france-en-vigilance-orange\" target=\"_blank\" rel=\"noopener\">vigilance orange<\/a> canicule d\u00e8s ce vendredi 27\u00a0juin \u00e0 midi avec des temp\u00e9ratures qui fr\u00f4lent les 37\u00a0degr\u00e9s, la Ville de Marseille se mobilise et active son dispositif de pr\u00e9vention.<\/p>\n<p>L\u2019ouverture des parcs et jardins sera prolong\u00e9e en soir\u00e9e et les piscines municipales seront rendues gratuites. Parmi les mesures suppl\u00e9mentaires, Mich\u00e8le Rubirola, la premi\u00e8re adjointe, annonce des \u00ab\u00a0lieux publics frais ouverts (comme des biblioth\u00e8ques et des mus\u00e9es), le renforcement des actions du Samu social municipal (douches municipales, maraudes, distribution de \u00ab\u00a0kits canicule\u00a0\u00bb) et l\u2019adaptation des manifestations ext\u00e9rieures\u00a0\u00bb.<\/p>\n<p>Le <a href=\"https:\/\/www.laprovence.com\/article\/societe\/2040336806744914\/contre-la-solitude-et-la-canicule-ces-jeunes-marseillais-veillent-sur-les-seniors\" target=\"_blank\" rel=\"noopener\">centre communal d\u2019action sociale<\/a> (CCAS) effectuera des appels sur l\u2019ensemble des abonn\u00e9s du dispositif de t\u00e9l\u00e9assistance et renforcera \u00e9galement les visites du personnel dans les r\u00e9sidences \u00ab\u00a0autonomie\u00a0\u00bb et \u00e0 domicile en fonction des besoins.<\/p>\n","protected":false},"excerpt":{"rendered":"Alors que le d\u00e9partement des Bouches-du-Rh\u00f4ne est plac\u00e9 en vigilance orange canicule d\u00e8s ce vendredi 27\u00a0juin \u00e0 midi&hellip;\n","protected":false},"author":2,"featured_media":206488,"comment_status":"","ping_status":"","sticky":false,"template":"","format":"standard","meta":{"footnotes":""},"categories":[2814],"tags":[17,1111,11,6698,1777,674,1011,27,19915,18621,884,12,24545,18812,5355,882,16,25],"class_list":{"0":"post-206487","1":"post","2":"type-post","3":"status-publish","4":"format-standard","5":"has-post-thumbnail","7":"category-marseille","8":"tag-17","9":"tag-actu","10":"tag-actualites","11":"tag-canicule","12":"tag-eu","13":"tag-europe","14":"tag-fr","15":"tag-france","16":"tag-gratuites","17":"tag-jardins","18":"tag-marseille","19":"tag-news","20":"tag-parcs","21":"tag-piscines","22":"tag-plan","23":"tag-provence-alpes-cote-dazur","24":"tag-region","25":"tag-republique-francaise"},"share_on_mastodon":{"url":"https:\/\/pubeurope.com\/@fr\/114751191447564679","error":""},"_links":{"self":[{"href":"https:\/\/www.europesays.com\/fr\/wp-json\/wp\/v2\/posts\/206487","targetHints":{"allow":["GET"]}}],"collection":[{"href":"https:\/\/www.europesays.com\/fr\/wp-json\/wp\/v2\/posts"}],"about":[{"href":"https:\/\/www.europesays.com\/fr\/wp-json\/wp\/v2\/types\/post"}],"author":[{"embeddable":true,"href":"https:\/\/www.europesays.com\/fr\/wp-json\/wp\/v2\/users\/2"}],"replies":[{"embeddable":true,"href":"https:\/\/www.europesays.com\/fr\/wp-json\/wp\/v2\/comments?post=206487"}],"version-history":[{"count":0,"href":"https:\/\/www.europesays.com\/fr\/wp-json\/wp\/v2\/posts\/206487\/revisions"}],"wp:featuredmedia":[{"embeddable":true,"href":"https:\/\/www.europesays.com\/fr\/wp-json\/wp\/v2\/media\/206488"}],"wp:attachment":[{"href":"https:\/\/www.europesays.com\/fr\/wp-json\/wp\/v2\/media?parent=206487"}],"wp:term":[{"taxonomy":"category","embeddable":true,"href":"https:\/\/www.europesays.com\/fr\/wp-json\/wp\/v2\/categories?post=206487"},{"taxonomy":"post_tag","embeddable":true,"href":"https:\/\/www.europesays.com\/fr\/wp-json\/wp\/v2\/tags?post=206487"}],"curies":[{"name":"wp","href":"https:\/\/api.w.org\/{rel}","templated":true}]}}