{"id":206489,"date":"2025-06-26T18:56:09","date_gmt":"2025-06-26T18:56:09","guid":{"rendered":"https:\/\/www.europesays.com\/fr\/206489\/"},"modified":"2025-06-26T18:56:09","modified_gmt":"2025-06-26T18:56:09","slug":"les-premiers-chercheurs-americains-degoutes-par-trump-ont-debarque-a-marseille-liberation","status":"publish","type":"post","link":"https:\/\/www.europesays.com\/fr\/206489\/","title":{"rendered":"les premiers chercheurs am\u00e9ricains d\u00e9gout\u00e9s par Trump ont d\u00e9barqu\u00e9 \u00e0 Marseille \u2013 Lib\u00e9ration"},"content":{"rendered":"<p class=\"sc-ksZaOG ehjQrN text-element\">James ne s\u2019attendait pas \u00e0 tant de cam\u00e9ras et de micros. Le climatologue am\u00e9ricain, au fran\u00e7ais fluide acquis durant ses \u00e9tudes, ne veut pas encore donner son nom de famille et semble un peu perdu dans le hall du Laboratoire d\u2019astrophysique de Marseille, o\u00f9 une quarantaine de journalistes, y compris \u00e9trangers et notamment am\u00e9ricains, lui tournent autour, ce jeudi 26 juin au matin. Bient\u00f4t, le chercheur devrait rejoindre une unit\u00e9 mixte Inra-CNRS. \u00abJe sais que le niveau y est tr\u00e8s haut\u00bb, assure-t-il. James est l\u2019un des heureux <a href=\"https:\/\/www.liberation.fr\/idees-et-debats\/tribunes\/face-au-maccarthysme-scientifique-de-trump-leurope-doit-accueillir-les-chercheurs-americains-20250303_WL2U7MFLIJASNJUBWXYMGX2HRM\/\" target=\"_blank\" rel=\"noreferrer noopener\" title=\"https:\/\/www.liberation.fr\/idees-et-debats\/tribunes\/face-au-maccarthysme-scientifique-de-trump-leurope-doit-accueillir-les-chercheurs-americains-20250303_WL2U7MFLIJASNJUBWXYMGX2HRM\/\">chercheurs am\u00e9ricains s\u00e9lectionn\u00e9s<\/a> par l\u2019Universit\u00e9 d\u2019Aix-Marseille (AMU) pour poursuivre leurs travaux en France, dans le cadre du programme Safe Place for Science.<\/p>\n<p class=\"sc-ksZaOG ehjQrN text-element\">Lanc\u00e9e en mars, l\u2019initiative se veut une r\u00e9ponse aux <a href=\"https:\/\/www.liberation.fr\/sciences\/trump-contre-les-scientifiques-nous-avons-affaire-a-une-attaque-tres-organisee-20250506_S77WLP5KWNH3PJIBXSUINNMQ64\/\" target=\"_blank\" rel=\"noreferrer noopener\" title=\"https:\/\/www.liberation.fr\/sciences\/trump-contre-les-scientifiques-nous-avons-affaire-a-une-attaque-tres-organisee-20250506_S&lt;\/p&gt;&lt;\/div&gt;&lt;\/article&gt;&lt;\/div&gt;&lt;div data-fusion-lazy-id=\" f0f8vgvlad832fw=\"\"><\/p>\n","protected":false},"excerpt":{"rendered":"James ne s\u2019attendait pas \u00e0 tant de cam\u00e9ras et de micros. Le climatologue am\u00e9ricain, au fran\u00e7ais fluide acquis&hellip;\n","protected":false},"author":2,"featured_media":206490,"comment_status":"","ping_status":"","sticky":false,"template":"","format":"standard","meta":{"footnotes":""},"categories":[2814],"tags":[1111,11,75,73,1777,674,1011,27,884,12,882,25,5768],"class_list":{"0":"post-206489","1":"post","2":"type-post","3":"status-publish","4":"format-standard","5":"has-post-thumbnail","7":"category-marseille","8":"tag-actu","9":"tag-actualites","10":"tag-donald-trump","11":"tag-etats-unis","12":"tag-eu","13":"tag-europe","14":"tag-fr","15":"tag-france","16":"tag-marseille","17":"tag-news","18":"tag-provence-alpes-cote-dazur","19":"tag-republique-francaise","20":"tag-universite"},"share_on_mastodon":{"url":"https:\/\/pubeurope.com\/@fr\/114751195313666823","error":""},"_links":{"self":[{"href":"https:\/\/www.europesays.com\/fr\/wp-json\/wp\/v2\/posts\/206489","targetHints":{"allow":["GET"]}}],"collection":[{"href":"https:\/\/www.europesays.com\/fr\/wp-json\/wp\/v2\/posts"}],"about":[{"href":"https:\/\/www.europesays.com\/fr\/wp-json\/wp\/v2\/types\/post"}],"author":[{"embeddable":true,"href":"https:\/\/www.europesays.com\/fr\/wp-json\/wp\/v2\/users\/2"}],"replies":[{"embeddable":true,"href":"https:\/\/www.europesays.com\/fr\/wp-json\/wp\/v2\/comments?post=206489"}],"version-history":[{"count":0,"href":"https:\/\/www.europesays.com\/fr\/wp-json\/wp\/v2\/posts\/206489\/revisions"}],"wp:featuredmedia":[{"embeddable":true,"href":"https:\/\/www.europesays.com\/fr\/wp-json\/wp\/v2\/media\/206490"}],"wp:attachment":[{"href":"https:\/\/www.europesays.com\/fr\/wp-json\/wp\/v2\/media?parent=206489"}],"wp:term":[{"taxonomy":"category","embeddable":true,"href":"https:\/\/www.europesays.com\/fr\/wp-json\/wp\/v2\/categories?post=206489"},{"taxonomy":"post_tag","embeddable":true,"href":"https:\/\/www.europesays.com\/fr\/wp-json\/wp\/v2\/tags?post=206489"}],"curies":[{"name":"wp","href":"https:\/\/api.w.org\/{rel}","templated":true}]}}