{"id":206491,"date":"2025-06-26T18:57:15","date_gmt":"2025-06-26T18:57:15","guid":{"rendered":"https:\/\/www.europesays.com\/fr\/206491\/"},"modified":"2025-06-26T18:57:15","modified_gmt":"2025-06-26T18:57:15","slug":"pres-de-lyon-des-coups-de-feu-tires-sur-une-maison-en-pleine-nuit","status":"publish","type":"post","link":"https:\/\/www.europesays.com\/fr\/206491\/","title":{"rendered":"Pr\u00e8s de Lyon : des coups de feu tir\u00e9s sur une maison en pleine nuit"},"content":{"rendered":"<p>Dans la nuit du mardi 24 au mercredi 25 juin, \u00e0 D\u00e9cines-Charpieu, une maison a \u00e9t\u00e9 vis\u00e9e par des coups de feu. Une enqu\u00eate est ouverte.<\/p>\n<p>Une nuit mouvement\u00e9e pr\u00e8s de Lyon. Dans la nuit du mardi 24 au mercredi 25 juin, une maison a \u00e9t\u00e9 la cible de <b>coups de feu<\/b> rue Curie, \u00e0 <b>D\u00e9cines-Charpieu<\/b>.<\/p>\n<p>Des douilles retrouv\u00e9es sur place, une enqu\u00eate en cours<\/p>\n<p>Des tirs ont \u00e9t\u00e9 entendus par des habitants \u00e0 proximit\u00e9 du magasin Aldi, vers minuit, et <b>plusieurs impacts de balles<\/b> ont \u00e9t\u00e9 d\u00e9couverts sur l&rsquo;habitation.<\/p>\n<p>Selon <a class=\"url\" href=\"https:\/\/www.bfmtv.com\/lyon\/faits-divers\/une-maison-ciblee-par-des-tirs-a-decines-charpieu-une-enquete-ouverte_AN-202506260568.html?at_brand=BFMTV&amp;at_compte=BFMLyon&amp;at_plateforme=twitter&amp;at_campaign=Fan_pages&amp;at_medium=Community_Management\" target=\"_blank\" rel=\"noopener\">BFM Lyon<\/a>, des douilles ont aussi \u00e9t\u00e9 retrouv\u00e9es par la police. Une enqu\u00eate est en cours pour identifier le ou les auteurs des tirs.<\/p>\n<p><img loading=\"lazy\" decoding=\"async\" src=\"https:\/\/www.europesays.com\/fr\/wp-content\/uploads\/2025\/06\/1750964235_945_img\" width=\"350\" height=\"200\" border=\"0\" title=\"Trottinette \u00c3\u00a9lectrique\"\/><\/p>\n<p>\u25baFaits divers<\/p>\n<p style=\"font-size: 22px;\"><b>Lyon : un dealer pr\u00e9sum\u00e9, qui convoyait de la drogue \u00e0 trottinette, interpell\u00e9<\/b><\/p>\n<p>Un homme, soup\u00e7onn\u00e9 de transporter de la drogue&#8230;<\/p>\n<p><\/p>\n","protected":false},"excerpt":{"rendered":"Dans la nuit du mardi 24 au mercredi 25 juin, \u00e0 D\u00e9cines-Charpieu, une maison a \u00e9t\u00e9 vis\u00e9e par&hellip;\n","protected":false},"author":2,"featured_media":206492,"comment_status":"","ping_status":"","sticky":false,"template":"","format":"standard","meta":{"footnotes":""},"categories":[1889],"tags":[1111,11,2430,5143,13706,1777,674,6017,1011,27,2428,12,25],"class_list":{"0":"post-206491","1":"post","2":"type-post","3":"status-publish","4":"format-standard","5":"has-post-thumbnail","7":"category-lyon","8":"tag-actu","9":"tag-actualites","10":"tag-auvergne-rhone-alpes","11":"tag-coups-de-feu","12":"tag-dcines","13":"tag-eu","14":"tag-europe","15":"tag-fait-divers","16":"tag-fr","17":"tag-france","18":"tag-lyon","19":"tag-news","20":"tag-republique-francaise"},"share_on_mastodon":{"url":"https:\/\/pubeurope.com\/@fr\/114751199300652072","error":""},"_links":{"self":[{"href":"https:\/\/www.europesays.com\/fr\/wp-json\/wp\/v2\/posts\/206491","targetHints":{"allow":["GET"]}}],"collection":[{"href":"https:\/\/www.europesays.com\/fr\/wp-json\/wp\/v2\/posts"}],"about":[{"href":"https:\/\/www.europesays.com\/fr\/wp-json\/wp\/v2\/types\/post"}],"author":[{"embeddable":true,"href":"https:\/\/www.europesays.com\/fr\/wp-json\/wp\/v2\/users\/2"}],"replies":[{"embeddable":true,"href":"https:\/\/www.europesays.com\/fr\/wp-json\/wp\/v2\/comments?post=206491"}],"version-history":[{"count":0,"href":"https:\/\/www.europesays.com\/fr\/wp-json\/wp\/v2\/posts\/206491\/revisions"}],"wp:featuredmedia":[{"embeddable":true,"href":"https:\/\/www.europesays.com\/fr\/wp-json\/wp\/v2\/media\/206492"}],"wp:attachment":[{"href":"https:\/\/www.europesays.com\/fr\/wp-json\/wp\/v2\/media?parent=206491"}],"wp:term":[{"taxonomy":"category","embeddable":true,"href":"https:\/\/www.europesays.com\/fr\/wp-json\/wp\/v2\/categories?post=206491"},{"taxonomy":"post_tag","embeddable":true,"href":"https:\/\/www.europesays.com\/fr\/wp-json\/wp\/v2\/tags?post=206491"}],"curies":[{"name":"wp","href":"https:\/\/api.w.org\/{rel}","templated":true}]}}