{"id":206493,"date":"2025-06-26T18:58:13","date_gmt":"2025-06-26T18:58:13","guid":{"rendered":"https:\/\/www.europesays.com\/fr\/206493\/"},"modified":"2025-06-26T18:58:13","modified_gmt":"2025-06-26T18:58:13","slug":"un-megot-jete-provoque-un-incendie-dans-les-caves-une-rue-bloquee-pendant-2-heures-a-gerland","status":"publish","type":"post","link":"https:\/\/www.europesays.com\/fr\/206493\/","title":{"rendered":"un m\u00e9got jet\u00e9 provoque un incendie dans les caves, une rue bloqu\u00e9e pendant 2 heures \u00e0 Gerland"},"content":{"rendered":"<p itemprop=\"description\"><strong>Ce jeudi en fin d&rsquo;apr\u00e8s-midi, une op\u00e9ration impliquant de nombreux pompiers a eu lieu dans le 7e arrondissement de Lyon.<\/strong><\/p>\n<p>Selon nos informations, un m\u00e9got aurait \u00e9t\u00e9 jet\u00e9 et aurait termin\u00e9 sa course dans les bouches d\u2019a\u00e9ration des caves rue Marie-Madeleine Fourcade. Cette derni\u00e8re a \u00e9t\u00e9 bloqu\u00e9e durant deux heures afin de permettre aux soldats du feu d&rsquo;intervenir.<\/p>\n<p>Aucun bless\u00e9 n&rsquo;est \u00e0 d\u00e9plorer, on ne conna\u00eet pas encore l&rsquo;ampleur des d\u00e9g\u00e2ts.<\/p>\n","protected":false},"excerpt":{"rendered":"Ce jeudi en fin d&rsquo;apr\u00e8s-midi, une op\u00e9ration impliquant de nombreux pompiers a eu lieu dans le 7e arrondissement&hellip;\n","protected":false},"author":2,"featured_media":206494,"comment_status":"","ping_status":"","sticky":false,"template":"","format":"standard","meta":{"footnotes":""},"categories":[1889],"tags":[1111,11,2813,2190,2430,1109,251,1112,2811,1777,674,118,1011,27,1922,1110,1114,2428,2810,12,241,316,25,2812,517,800],"class_list":{"0":"post-206493","1":"post","2":"type-post","3":"status-publish","4":"format-standard","5":"has-post-thumbnail","7":"category-lyon","8":"tag-actu","9":"tag-actualites","10":"tag-article","11":"tag-asvel","12":"tag-auvergne-rhone-alpes","13":"tag-breves","14":"tag-culture","15":"tag-depeches","16":"tag-economique","17":"tag-eu","18":"tag-europe","19":"tag-faits-divers","20":"tag-fr","21":"tag-france","22":"tag-info","23":"tag-informations","24":"tag-infos","25":"tag-lyon","26":"tag-lyonmag","27":"tag-news","28":"tag-ol","29":"tag-politique","30":"tag-republique-francaise","31":"tag-sociale","32":"tag-sport","33":"tag-transports"},"share_on_mastodon":{"url":"https:\/\/pubeurope.com\/@fr\/114751203273882931","error":""},"_links":{"self":[{"href":"https:\/\/www.europesays.com\/fr\/wp-json\/wp\/v2\/posts\/206493","targetHints":{"allow":["GET"]}}],"collection":[{"href":"https:\/\/www.europesays.com\/fr\/wp-json\/wp\/v2\/posts"}],"about":[{"href":"https:\/\/www.europesays.com\/fr\/wp-json\/wp\/v2\/types\/post"}],"author":[{"embeddable":true,"href":"https:\/\/www.europesays.com\/fr\/wp-json\/wp\/v2\/users\/2"}],"replies":[{"embeddable":true,"href":"https:\/\/www.europesays.com\/fr\/wp-json\/wp\/v2\/comments?post=206493"}],"version-history":[{"count":0,"href":"https:\/\/www.europesays.com\/fr\/wp-json\/wp\/v2\/posts\/206493\/revisions"}],"wp:featuredmedia":[{"embeddable":true,"href":"https:\/\/www.europesays.com\/fr\/wp-json\/wp\/v2\/media\/206494"}],"wp:attachment":[{"href":"https:\/\/www.europesays.com\/fr\/wp-json\/wp\/v2\/media?parent=206493"}],"wp:term":[{"taxonomy":"category","embeddable":true,"href":"https:\/\/www.europesays.com\/fr\/wp-json\/wp\/v2\/categories?post=206493"},{"taxonomy":"post_tag","embeddable":true,"href":"https:\/\/www.europesays.com\/fr\/wp-json\/wp\/v2\/tags?post=206493"}],"curies":[{"name":"wp","href":"https:\/\/api.w.org\/{rel}","templated":true}]}}