{"id":206499,"date":"2025-06-26T19:01:10","date_gmt":"2025-06-26T19:01:10","guid":{"rendered":"https:\/\/www.europesays.com\/fr\/206499\/"},"modified":"2025-06-26T19:01:10","modified_gmt":"2025-06-26T19:01:10","slug":"kylian-mbappe-porte-plainte-contre-le-psg-pour-harcelement-moral","status":"publish","type":"post","link":"https:\/\/www.europesays.com\/fr\/206499\/","title":{"rendered":"Kylian Mbapp\u00e9 porte plainte contre le PSG pour harc\u00e8lement moral"},"content":{"rendered":"<p>Deux juges d\u2019instruction ont \u00e9t\u00e9 saisis suite \u00e0 une plainte d\u00e9pos\u00e9e par l\u2019ancien attaquant parisien.<\/p>\n<p class=\"fig-paragraph\">Une information judiciaire a \u00e9t\u00e9 ouverte mardi pour harc\u00e8lement moral apr\u00e8s la plainte d\u00e9pos\u00e9e par\u00a0<a href=\"http:\/\/www.lefigaro.fr\/sports\/football\/mondial-des-clubs-mbappe-pas-retenu-par-le-real-madrid-pour-le-8e-de-finale-contre-salzbourg-20250625\" target=\"_blank\" data-fig-type=\"NewsFlash\" rel=\"noopener\" data-gtm-custom-categorie=\"navigation\" data-gtm-custom-action=\"crossclick\" data-gtm-custom-label=\"Contextuel\" data-gtm-event=\"customEventSPE\" data-fig-domain=\"LEFIGARO\">Kylian Mbapp\u00e9<\/a>\u00a0contre le Paris Saint-Germain, son ancien club. Dans le viseur: la pratique du \u00abloft\u00bb, d\u00e9j\u00e0 d\u00e9nonc\u00e9e par d\u2019autres joueurs. Le parquet de Paris a indiqu\u00e9 jeudi \u00e0 l\u2019AFP avoir ouvert une information judiciaire contre X, pour harc\u00e8lement moral. Deux juges d\u2019instruction ont \u00e9t\u00e9 saisis, a pr\u00e9cis\u00e9 une source proche du dossier pour enqu\u00eater sur les accusations du joueur, qui \u00e9volue au Real Madrid depuis l\u2019\u00e9t\u00e9 dernier.<\/p>\n<p class=\"fig-paragraph\">Kylian Mbapp\u00e9, capitaine de l\u2019\u00e9quipe de France, a d\u00e9pos\u00e9 plainte \u00e0 Paris le 16 mai pour harc\u00e8lement moral et tentative d\u2019extorsion de signature, d\u00e9non\u00e7ant notamment son placement \u00e0 l\u2019\u00e9t\u00e9 2023 dans le \u00abloft\u00bb du PSG, comme ses avocats l\u2019avaient annonc\u00e9 en avril lors d\u2019une conf\u00e9rence de presse Cette pratique, r\u00e9currente dans les clubs de football, consiste \u00e0 mettre des joueurs \u00e0 l\u2019\u00e9cart de l\u2019effectif et fait d\u00e9j\u00e0 l\u2019objet de plusieurs enqu\u00eates \u00e0 Paris.<\/p>\n<p class=\"fig-paragraph\">Une autre proc\u00e9dure est ainsi confi\u00e9e \u00e0 la Brigade de r\u00e9pression de la d\u00e9linquance aux personnes (BRDP), apr\u00e8s la plainte d\u00e9pos\u00e9e en mai par la joueuse Kheira Hamraoui visant le PSG. Dans ce dossier, la milieu de terrain, qui avait \u00e9t\u00e9 agress\u00e9e, affirme que le club l\u2019a mise \u00e0 l\u2019\u00e9cart apr\u00e8s sa convalescence afin de l\u2019inciter \u00e0 partir, selon une source proche du dossier. Le PSG n\u2019est pas le seul club vis\u00e9 par des accusations.<\/p>\n<p class=\"fig-body-link\">\n            \u00c0 lire aussi<br \/>\n        <a class=\"fig-body-link__link\" href=\"http:\/\/www.lefigaro.fr\/sports\/football\/tu-vas-pas-nous-peter-les-c-longtemps-kyky-et-passe-ton-permis-le-rappeur-booba-menace-encore-mbappe-20250626\" target=\"_blank\" data-fig-type=\"NewsFlash\" rel=\"noopener\" data-gtm-custom-categorie=\"navigation\" data-gtm-custom-action=\"crossclick\" data-gtm-custom-label=\"Contextuel\" data-gtm-event=\"customEventSPE\" data-fig-domain=\"LEFIGARO\">\u00abTu vas pas nous p\u00e9ter les c&#8230;. longtemps Kyky. Et passe ton permis\u00a0!\u00bb\u00a0: le rappeur Booba menace (encore) Mbapp\u00e9<br \/>\n    <\/a>\n<\/p>\n<p>Les \u00ablofts\u00bb des clubs dans le viseur<\/p>\n<p class=\"fig-paragraph\">D\u00e8s janvier 2024, le syndicat des footballeurs et footballeuses professionnels UNFP avait port\u00e9 plainte contre X, s\u2019appuyant sur une liste d\u2019une cinquantaine de joueurs plac\u00e9s en \u00abloft\u00bb (mais qui n\u2019ont pas \u00e9t\u00e9 associ\u00e9s \u00e0 la pr\u00e9paration de la plainte). Le syndicat accuse de harc\u00e8lement moral et d\u2019extorsion les diff\u00e9rents clubs mettant en place ces \u00ablofts\u00bb pour mettre d\u00e9lib\u00e9r\u00e9ment \u00e0 l\u2019\u00e9cart certains joueurs afin, selon le syndicat, de \u00abmaximiser le prix des transferts\u00bb. Une enqu\u00eate a \u00e9t\u00e9 ouverte, dirig\u00e9e par le parquet.<\/p>\n<p class=\"fig-paragraph\">D\u00e9but juin, les avocats de l\u2019UNFP, L\u00e9on Del Forno et Julia Minkowski, ont d\u00e9pos\u00e9 une nouvelle plainte pour obtenir qu\u2019un juge d\u2019instruction soit saisi des investigations. Que reprochent les joueurs \u00e0 leurs clubs\u00a0? Concr\u00e8tement, lors de la p\u00e9riode estivale des transferts, encadr\u00e9e par la convention collective des footballeurs professionnels, des clubs peuvent placer les joueurs dont ils veulent se s\u00e9parer dans un \u00abloft\u00bb, sorte de mise au placard adapt\u00e9e au gazon: plus d\u2019entra\u00eenements avec le groupe professionnel, plus de d\u00e9placements, ni de matches&#8230;<\/p>\n<p class=\"fig-paragraph\">Selon l\u2019article 507 de la Charte du football fran\u00e7ais, qui fait office de convention collective, les clubs ont toutefois des devoirs envers ces joueurs: leur permettre d\u2019acc\u00e9der aux vestiaires, aux infrastructures d\u2019entra\u00eenement, \u00e0 des soins m\u00e9dicaux \u00ab\u00e9ventuellement diff\u00e9rents, mais de qualit\u00e9 identique\u00bb&#8230; Ils doivent aussi leur fournir les \u00e9quipements \u00abpr\u00e9vus pour tous les joueurs professionnels\u00bb et leur proposer des horaires d\u2019entra\u00eenement \u00abcompatibles avec les autres conditions de pr\u00e9paration et d\u2019entra\u00eenement du groupe principal des professionnels, ainsi que respectueuses de la sant\u00e9 des joueurs\u00bb.<\/p>\n<p>\u00abR\u00e9cit fantasque\u00bb d\u00e9nonc\u00e9 par le PSG<\/p>\n<p class=\"fig-paragraph\">Ce \u00abloft\u00bb doit se terminer le 1er septembre, date de cl\u00f4ture du march\u00e9 des transferts. Mais ces pratiques connaissent de nombreuses d\u00e9rives, selon ses pourfendeurs. Cette mise \u00e0 l\u2019\u00e9cart, jug\u00e9e alors abusive, pousse les joueurs \u00e0 prolonger leur contrat au club ou, \u00e0 l\u2019inverse, \u00e0 accepter un transfert &#8211; une fa\u00e7on pour leur employeur de se s\u00e9parer d\u2019eux en s\u2019assurant de toucher des indemnit\u00e9s &#8211; voire \u00e0 r\u00e9silier leur contrat.<\/p>\n<p class=\"fig-paragraph\">Sollicit\u00e9s jeudi, l\u2019avocat p\u00e9naliste de Kylian Mbapp\u00e9, Pierre-Olivier Sur, et son entourage n\u2019ont pas souhait\u00e9 commenter l\u2019ouverture de l\u2019information judiciaire, tout comme le PSG. Outre le volet p\u00e9nal, Kylian Mbapp\u00e9 est \u00e9galement en litige financier avec le PSG. Ses avocats ont tenu leur premi\u00e8re conf\u00e9rence de presse depuis le d\u00e9but du conflit, pour \u00abpasser \u00e0 l\u2019attaque\u00bb apr\u00e8s un long bras de fer devant les instances sportives, comme la F\u00e9d\u00e9ration fran\u00e7aise de football et la Ligue de football professionnel.<\/p>\n<p class=\"fig-paragraph\">En somme, Kylian Mbapp\u00e9, parti libre au Real Madrid \u00e0 l\u2019\u00e9t\u00e9 2024, r\u00e9clame 55 millions d\u2019euros de primes et salaires impay\u00e9s car aucun accord n\u2019a exist\u00e9 entre lui et le club, selon son entourage. Un \u00abr\u00e9cit fantasque\u00bb, affirme le PSG. Dans ce dossier, le joueur avait obtenu en avril la saisie conservatoire de cette somme sur les comptes du PSG, mais cette d\u00e9cision a ensuite \u00e9t\u00e9 annul\u00e9e le 26 mai par la justice. Selon une source proche du dossier, les 55 millions d\u2019euros restent saisis jusqu\u2019\u00e0 l\u2019audience d\u2019appel, dont la date n\u2019est pas connue.<\/p>\n<p class=\"fig-paragraph\"><strong>\u00c0 VOIR AUSSI &#8211; <\/strong>Mercato\u00a0: Florian Wirtz justifie son transfert au Liverpool FC<\/p>\n","protected":false},"excerpt":{"rendered":"Deux juges d\u2019instruction ont \u00e9t\u00e9 saisis suite \u00e0 une plainte d\u00e9pos\u00e9e par l\u2019ancien attaquant parisien. Une information judiciaire&hellip;\n","protected":false},"author":2,"featured_media":206500,"comment_status":"","ping_status":"","sticky":false,"template":"","format":"standard","meta":{"footnotes":""},"categories":[1888],"tags":[1111,1928,11,1927,525,1981,814,1777,674,2257,63,1011,27,6477,3309,66,1307,955,12,1926,1176,978,626,1925,93,25,1980],"class_list":{"0":"post-206499","1":"post","2":"type-post","3":"status-publish","4":"format-standard","5":"has-post-thumbnail","7":"category-paris","8":"tag-actu","9":"tag-actu-paris","10":"tag-actualites","11":"tag-actualites-paris","12":"tag-calendrier","13":"tag-classement","14":"tag-direct","15":"tag-eu","16":"tag-europe","17":"tag-foot","18":"tag-football","19":"tag-fr","20":"tag-france","21":"tag-kylian-mbappe","22":"tag-l1","23":"tag-ligue-1","24":"tag-lille","25":"tag-match","26":"tag-news","27":"tag-news-paris","28":"tag-olympique-de-marseille","29":"tag-olympique-lyonnais","30":"tag-paris","31":"tag-paris-news","32":"tag-psg","33":"tag-republique-francaise","34":"tag-resultats"},"share_on_mastodon":{"url":"https:\/\/pubeurope.com\/@fr\/114751214968362260","error":""},"_links":{"self":[{"href":"https:\/\/www.europesays.com\/fr\/wp-json\/wp\/v2\/posts\/206499","targetHints":{"allow":["GET"]}}],"collection":[{"href":"https:\/\/www.europesays.com\/fr\/wp-json\/wp\/v2\/posts"}],"about":[{"href":"https:\/\/www.europesays.com\/fr\/wp-json\/wp\/v2\/types\/post"}],"author":[{"embeddable":true,"href":"https:\/\/www.europesays.com\/fr\/wp-json\/wp\/v2\/users\/2"}],"replies":[{"embeddable":true,"href":"https:\/\/www.europesays.com\/fr\/wp-json\/wp\/v2\/comments?post=206499"}],"version-history":[{"count":0,"href":"https:\/\/www.europesays.com\/fr\/wp-json\/wp\/v2\/posts\/206499\/revisions"}],"wp:featuredmedia":[{"embeddable":true,"href":"https:\/\/www.europesays.com\/fr\/wp-json\/wp\/v2\/media\/206500"}],"wp:attachment":[{"href":"https:\/\/www.europesays.com\/fr\/wp-json\/wp\/v2\/media?parent=206499"}],"wp:term":[{"taxonomy":"category","embeddable":true,"href":"https:\/\/www.europesays.com\/fr\/wp-json\/wp\/v2\/categories?post=206499"},{"taxonomy":"post_tag","embeddable":true,"href":"https:\/\/www.europesays.com\/fr\/wp-json\/wp\/v2\/tags?post=206499"}],"curies":[{"name":"wp","href":"https:\/\/api.w.org\/{rel}","templated":true}]}}