{"id":206503,"date":"2025-06-26T19:03:11","date_gmt":"2025-06-26T19:03:11","guid":{"rendered":"https:\/\/www.europesays.com\/fr\/206503\/"},"modified":"2025-06-26T19:03:11","modified_gmt":"2025-06-26T19:03:11","slug":"quinte-du-vendredi-27-juin-2025-en-nocturne-a-vincennes-les-pronostics","status":"publish","type":"post","link":"https:\/\/www.europesays.com\/fr\/206503\/","title":{"rendered":"Quint\u00e9 du vendredi 27 juin 2025 en nocturne \u00e0 Vincennes : les pronostics"},"content":{"rendered":"<p class=\"article-p mdl\">Retrouvez les pronostics de Dominique Cordier pour le Quint\u00e9 du vendredi 27 juin 2025 en nocturne \u00e0 Vincennes, le Prix Eva. <strong>D\u00e9part \u00e0 20h15. 16 partantes. <\/strong>Trot attel\u00e9. 2.100 m\u00e8tres. Grande piste. D\u00e9part \u00e0 l\u2019autostart. Juments de 4 et 5 ans.&#13;<\/p>\n<p class=\"article-p mdl\">C\u2019est le dernier quint\u00e9 en nocturne de l\u2019\u00e9t\u00e9 \u00e0 Vincennes avant de prendre la direction de Cabourg : quand on regarde le plateau, on se dit que c\u2019est tant mieux.&#13;<\/p>\n<p class=\"article-p mdl\">Au d\u00e9part, de jeunes juments que les quint\u00e9istes r\u00e9guliers ne connaissant pas, m\u00eame pas de nom, et o\u00f9 le jumel\u00e9 des deux plus riches de la course, que nous avons plac\u00e9es en t\u00eate de la s\u00e9lection, semblent courir tout seul.&#13;<\/p>\n<p class=\"article-p mdl\">\u00ab Semblent \u00bb seulement car dans cette cat\u00e9gorie, les surprises peuvent \u00eatre nombreuses\u2026&#13;<\/p>\n<p class=\"article-p mdl\">L\u2019outsider de RTL est ici le <strong>1 Kaline du Jour<\/strong>, une jument qui a acquis ses meilleurs titres en restant, comme c\u2019est le cas ici, ferr\u00e9e. Sauf incident, elle terminera dans les cinq premiers.&#13;<\/p>\n<p class=\"article-p mdl\">Au 2e \u00e9chelon, on peut s\u2019attarder sur les \u00ab Bondo \u00bb, le<strong> 11 Eltyme<\/strong>, avec Pierre-Yves Verva, et le <strong>10 Emily Lp<\/strong>, avec Damien Bonne. Pour le reste\u2026<\/p>\n<p>            Les pronostics<\/p>\n<p class=\"article-p mdl\">\n<p>7. Kalita d\u2019H\u00e9ninel&#13;<br \/>3. Lolita Bourbon&#13;<br \/>4. Kinga Supr\u00eame&#13;<br \/>1. Kaline du Jour&#13;<br \/>6. Kourga de Lou&#13;<br \/>11. Eltyme&#13;<br \/>10. Emily Lp<\/p>\n<p>            L&rsquo;outsider de RTL<\/p>\n<p class=\"article-p mdl\">1. Kaline du Jour<\/p>\n<p>    R\u00e9sultats du mercredi 25 juin 2025 \u00e0 Vire<\/p>\n<p class=\"article-p mdl\">Le favori de RTL termine 2e derri\u00e8re le favori de la course, finalement intouchable. L\u2019outsider de RTL est 7e. La s\u00e9lection indique le Bonus 4sur5. <\/p>\n<p>    La r\u00e9daction vous recommande<\/p>\n<p class=\"s-newsletter__title\">\n                L\u2019actualit\u00e9 par la r\u00e9daction de RTL dans votre bo\u00eete mail.\n            <\/p>\n<p class=\"s-newsletter__subtitle\">\n                Gr\u00e2ce \u00e0 votre compte RTL abonnez-vous \u00e0 la newsletter RTL info pour suivre toute l&rsquo;actualit\u00e9 au quotidien\n            <\/p>\n<p>\n                                    Lire la suite\n                                <\/p>\n","protected":false},"excerpt":{"rendered":"Retrouvez les pronostics de Dominique Cordier pour le Quint\u00e9 du vendredi 27 juin 2025 en nocturne \u00e0 Vincennes,&hellip;\n","protected":false},"author":2,"featured_media":3836,"comment_status":"","ping_status":"","sticky":false,"template":"","format":"standard","meta":{"footnotes":""},"categories":[1888],"tags":[11,2621,2622,2620,1777,674,107,2619,1011,27,12,626,2623,25],"class_list":{"0":"post-206503","1":"post","2":"type-post","3":"status-publish","4":"format-standard","5":"has-post-thumbnail","7":"category-paris","8":"tag-actualites","9":"tag-chevaux","10":"tag-courses","11":"tag-courses-de-trot","12":"tag-eu","13":"tag-europe","14":"tag-fil-info","15":"tag-fil-sport","16":"tag-fr","17":"tag-france","18":"tag-news","19":"tag-paris","20":"tag-quinte","21":"tag-republique-francaise"},"share_on_mastodon":{"url":"https:\/\/pubeurope.com\/@fr\/114751222838413673","error":""},"_links":{"self":[{"href":"https:\/\/www.europesays.com\/fr\/wp-json\/wp\/v2\/posts\/206503","targetHints":{"allow":["GET"]}}],"collection":[{"href":"https:\/\/www.europesays.com\/fr\/wp-json\/wp\/v2\/posts"}],"about":[{"href":"https:\/\/www.europesays.com\/fr\/wp-json\/wp\/v2\/types\/post"}],"author":[{"embeddable":true,"href":"https:\/\/www.europesays.com\/fr\/wp-json\/wp\/v2\/users\/2"}],"replies":[{"embeddable":true,"href":"https:\/\/www.europesays.com\/fr\/wp-json\/wp\/v2\/comments?post=206503"}],"version-history":[{"count":0,"href":"https:\/\/www.europesays.com\/fr\/wp-json\/wp\/v2\/posts\/206503\/revisions"}],"wp:featuredmedia":[{"embeddable":true,"href":"https:\/\/www.europesays.com\/fr\/wp-json\/wp\/v2\/media\/3836"}],"wp:attachment":[{"href":"https:\/\/www.europesays.com\/fr\/wp-json\/wp\/v2\/media?parent=206503"}],"wp:term":[{"taxonomy":"category","embeddable":true,"href":"https:\/\/www.europesays.com\/fr\/wp-json\/wp\/v2\/categories?post=206503"},{"taxonomy":"post_tag","embeddable":true,"href":"https:\/\/www.europesays.com\/fr\/wp-json\/wp\/v2\/tags?post=206503"}],"curies":[{"name":"wp","href":"https:\/\/api.w.org\/{rel}","templated":true}]}}