{"id":206508,"date":"2025-06-26T19:06:14","date_gmt":"2025-06-26T19:06:14","guid":{"rendered":"https:\/\/www.europesays.com\/fr\/206508\/"},"modified":"2025-06-26T19:06:14","modified_gmt":"2025-06-26T19:06:14","slug":"apres-avoir-fui-la-guerre-cette-famille-ukrainienne-a-ete-tuee-dans-des-frappes-a-bat-yam","status":"publish","type":"post","link":"https:\/\/www.europesays.com\/fr\/206508\/","title":{"rendered":"apr\u00e8s avoir fui la guerre, cette famille ukrainienne a \u00e9t\u00e9 tu\u00e9e dans des frappes \u00e0 Bat Yam"},"content":{"rendered":"<p>        <img decoding=\"async\" loading=\"lazy\" src=\"https:\/\/www.europesays.com\/fr\/wp-content\/uploads\/2025\/06\/e63b569_upload-1-spnkzbnhuvpd-000-62fl7nq.jpg\"  width=\"728\" height=\"409\" alt=\"La frappe iranienne sur le quartier de Bat Yam, le 15\u00a0juin, a fait huit morts en Isra\u00ebl.\"\/>  <\/p>\n<p>GIL COHEN-MAGEN \/ AFP<\/p>\n<p>La frappe iranienne sur le quartier de Bat Yam, le 15\u00a0juin, a fait huit morts en Isra\u00ebl.<\/p>\n<p class=\"asset asset-text\">INTERNATIONAL &#8211; Rattrap\u00e9s par la mort. Cinq membres d\u2019une famille ukrainienne, install\u00e9s en Isra\u00ebl pour fuir <a href=\"https:\/\/www.huffingtonpost.fr\/international\/article\/kiev-touchee-par-l-une-des-pires-attaques-russes-depuis-le-debut-de-la-guerre-en-ukraine_251447.html\" target=\"_blank\" rel=\"noopener\" title=\"Nouvelle fen\u00eatre\">la guerre dans leur pays<\/a>, ont \u00e9t\u00e9 tu\u00e9s dans des <a href=\"https:\/\/www.huffingtonpost.fr\/international\/article\/en-israel-des-immeubles-residentiels-effondres-et-l-aeroport-de-tel-aviv-vise-par-des-tirs-de-missiles-iraniens_251648.html\" target=\"_blank\" rel=\"noopener\" title=\"Nouvelle fen\u00eatre\">frappes iraniennes <\/a>sur le quartier r\u00e9sidentiel de Bat Yam le 15\u00a0juin dernier, comme le rapporte le <a href=\"https:\/\/www.nytimes.com\/2025\/06\/26\/world\/europe\/ukrainian-family-israel-iran-war.html\" target=\"_blank\" rel=\"noopener\" title=\"Nouvelle fen\u00eatre\">New York Times<\/a> ce jeudi 26\u00a0juin.<\/p>\n<p class=\"asset asset-text\">Mariia Pieshkurova, sa m\u00e8re, sa fille Anastasia \u00e2g\u00e9e de 7\u00a0ans et atteinte d\u2019un cancer, et deux de ses neveux, ont \u00e9t\u00e9 tu\u00e9s dans la frappe qui a touch\u00e9 leur immeuble, dans le district de <a href=\"https:\/\/www.huffingtonpost.fr\/international\/video\/a-israel-maree-humaine-a-tel-aviv-pour-le-retour-des-otages-au-600e-jour-de-la-guerre-a-gaza_250653.html\" target=\"_blank\" rel=\"noopener\">Tel Aviv<\/a>. Au total, cette op\u00e9ration a fait huit morts en Isra\u00ebl.<\/p>\n<p class=\"asset asset-text\">Si la mort des trois enfants et de leur grand-m\u00e8re a \u00e9t\u00e9 annonc\u00e9e d\u00e8s dimanche 15\u00a0juin par la municipalit\u00e9 de Kiev, le d\u00e9c\u00e8s de Mariia Pieshkurova n\u2019a pu \u00eatre confirm\u00e9 par les autorit\u00e9s isra\u00e9liennes que jeudi 19\u00a0juin.<\/p>\n<p>    \u00ab\u00a0Je pensais vraiment qu\u2019ils seraient en s\u00e9curit\u00e9\u00a0\u00bb    <\/p>\n<p class=\"asset asset-text\">\u00ab\u00a0Je pensais vraiment qu\u2019ils seraient en s\u00e9curit\u00e9 (&#8230;). Je n\u2019aurais jamais cru qu\u2019ils iraient en Isra\u00ebl pour fuir la guerre et qu\u2019ils la trouveraient l\u00e0-bas\u00a0\u00bb, a d\u00e9clar\u00e9 dans les colonnes du New York Times l\u2019ex-conjoint de Mariia Pieshkurova et p\u00e8re d\u2019Anastasia. \u00ab\u00a0Je n\u2019arrive toujours pas \u00e0 y croire\u00a0\u00bb, a ajout\u00e9 celui qui est engag\u00e9 dans l\u2019arm\u00e9e ukrainienne. Le sort de cette famille a \u00e9galement suscit\u00e9 une vague d\u2019indignation et de tristesse en Ukraine.<\/p>\n<p class=\"asset asset-text\">Avant le d\u00e9but de l\u2019invasion russe, la famille r\u00e9sidait dans la localit\u00e9 d\u2019Odessa. En d\u00e9cembre\u00a02022, l\u2019intensification des frappes en Ukraine et la leuc\u00e9mie diagnostiqu\u00e9e chez Anastasia ont pouss\u00e9 la famille \u00e0 d\u00e9m\u00e9nager en Isra\u00ebl.<\/p>\n<p class=\"asset asset-text\">En mai dernier, deux neveux de Mariia Pieshkurova les ont rejoints en Isra\u00ebl, respectivement \u00e2g\u00e9s de 10\u00a0et 14\u00a0ans. \u00ab\u00a0\u00c0 cause des bombardements, mes enfants pleuraient et j\u2019ai d\u00e9cid\u00e9 de les laisser partir\u00a0\u00bb, raconte la s\u0153ur de Mariia au New York Times.<\/p>\n<p class=\"asset asset-text\">Selon l\u2019ambassade d\u2019Ukraine en Isra\u00ebl, environ 20\u00a0000\u00a0Ukrainiens ont trouv\u00e9 refuge dans l\u2019\u00c9tat h\u00e9breu depuis le d\u00e9but de l\u2019invasion russe.<\/p>\n","protected":false},"excerpt":{"rendered":"GIL COHEN-MAGEN \/ AFP La frappe iranienne sur le quartier de Bat Yam, le 15\u00a0juin, a fait huit&hellip;\n","protected":false},"author":2,"featured_media":206509,"comment_status":"","ping_status":"","sticky":false,"template":"","format":"standard","meta":{"footnotes":""},"categories":[1590],"tags":[11,1777,674,14,3019,664,12,220],"class_list":{"0":"post-206508","1":"post","2":"type-post","3":"status-publish","4":"format-standard","5":"has-post-thumbnail","7":"category-ukraine","8":"tag-actualites","9":"tag-eu","10":"tag-europe","11":"tag-international","12":"tag-iran","13":"tag-israel","14":"tag-news","15":"tag-ukraine"},"share_on_mastodon":{"url":"https:\/\/pubeurope.com\/@fr\/114751234681017452","error":""},"_links":{"self":[{"href":"https:\/\/www.europesays.com\/fr\/wp-json\/wp\/v2\/posts\/206508","targetHints":{"allow":["GET"]}}],"collection":[{"href":"https:\/\/www.europesays.com\/fr\/wp-json\/wp\/v2\/posts"}],"about":[{"href":"https:\/\/www.europesays.com\/fr\/wp-json\/wp\/v2\/types\/post"}],"author":[{"embeddable":true,"href":"https:\/\/www.europesays.com\/fr\/wp-json\/wp\/v2\/users\/2"}],"replies":[{"embeddable":true,"href":"https:\/\/www.europesays.com\/fr\/wp-json\/wp\/v2\/comments?post=206508"}],"version-history":[{"count":0,"href":"https:\/\/www.europesays.com\/fr\/wp-json\/wp\/v2\/posts\/206508\/revisions"}],"wp:featuredmedia":[{"embeddable":true,"href":"https:\/\/www.europesays.com\/fr\/wp-json\/wp\/v2\/media\/206509"}],"wp:attachment":[{"href":"https:\/\/www.europesays.com\/fr\/wp-json\/wp\/v2\/media?parent=206508"}],"wp:term":[{"taxonomy":"category","embeddable":true,"href":"https:\/\/www.europesays.com\/fr\/wp-json\/wp\/v2\/categories?post=206508"},{"taxonomy":"post_tag","embeddable":true,"href":"https:\/\/www.europesays.com\/fr\/wp-json\/wp\/v2\/tags?post=206508"}],"curies":[{"name":"wp","href":"https:\/\/api.w.org\/{rel}","templated":true}]}}