{"id":20651,"date":"2025-04-12T21:40:10","date_gmt":"2025-04-12T21:40:10","guid":{"rendered":"https:\/\/www.europesays.com\/fr\/20651\/"},"modified":"2025-04-12T21:40:10","modified_gmt":"2025-04-12T21:40:10","slug":"atp-paul-annacone-ex-entraineur-de-federer-carlos-alcaraz-va-connaitre-plus-de-hauts-et-de-bas-que-jannik-sinner-dans-sa-carriere-car-si-son-plafond-est-un-peu-plus-eleve-je-pense-aussi-que-s","status":"publish","type":"post","link":"https:\/\/www.europesays.com\/fr\/20651\/","title":{"rendered":"ATP > Paul Annacone (ex-entra\u00eeneur de Federer) : \u00ab\u00a0Carlos Alcaraz va conna\u00eetre plus de hauts et de bas que Jannik Sinner dans sa carri\u00e8re. Car si son plafond est un peu plus \u00e9lev\u00e9, je pense aussi que son plancher est un peu plus bas\u00a0\u00bb"},"content":{"rendered":"<p>Invit\u00e9 \u00e0 se prononcer sur les diffi\u00adcult\u00e9s rencon\u00adtr\u00e9s par Carlos Alcaraz durant le d\u00e9but de saison et notam\u00adment la tourn\u00e9e am\u00e9ri\u00adcaine avec les Masters 1000 d\u2019Indian Wells et Miami, Paul Annacone, ancien coach de Roger Federer et Pete Sampras, a estim\u00e9 que ce n\u2019\u00e9tait pas surpre\u00adnant compte tenu du style de jeu de l\u2019Espagnol.\u00a0<\/p>\n<p><strong>\u00ab\u202fJe pense qu\u2019his\u00adto\u00adri\u00adque\u00adment, il aura un peu plus de vola\u00adti\u00adlit\u00e9 parce qu\u2019il a telle\u00adment de vari\u00e9t\u00e9 dans sa fa\u00e7on de jouer. En raison de sa person\u00adna\u00adlit\u00e9, il s\u2019avance, il reste en arri\u00e8re, il frappe des balles tombantes, il frappe des coups gagnants, il joue de mani\u00e8re r\u00e9gu\u00adli\u00e8re. Il va donc conna\u00eetre des hauts et des bas, plus que quel\u00adqu\u2019un comme Jannik Sinner, qui est est plus r\u00e9gu\u00adlier. Son plafond est un peu plus \u00e9lev\u00e9, mais je pense aussi que le plan\u00adcher est un peu plus bas. Il se peut donc qu\u2019Alcaraz subisse encore quelques d\u00e9faites, mais cela ne me d\u00e9range pas \u2013 il n\u2019y aura que de l\u2019\u00e9lec\u00adtri\u00adcit\u00e9. Et puis, le gars a gagn\u00e9 deux tour\u00adnois du Grand Chelem l\u2019ann\u00e9e derni\u00e8re, donc tout n\u2019est pas mauvais\u202f\u00bb<\/strong>, a d\u00e9clar\u00e9 Annacone sur le plateau de Tennis Channel. <\/p>\n<p class=\"post-published-date\" style=\"color: silver; font-size: 75%; text-align: left;\">Publi\u00e9 le samedi 12 avril 2025 \u00e0 14:44<\/p>\n","protected":false},"excerpt":{"rendered":"Invit\u00e9 \u00e0 se prononcer sur les diffi\u00adcult\u00e9s rencon\u00adtr\u00e9s par Carlos Alcaraz durant le d\u00e9but de saison et notam\u00adment&hellip;\n","protected":false},"author":2,"featured_media":20652,"comment_status":"","ping_status":"","sticky":false,"template":"","format":"standard","meta":{"footnotes":""},"categories":[1415],"tags":[1744,2199,1011,27,2127,60,1467],"class_list":{"0":"post-20651","1":"post","2":"type-post","3":"status-publish","4":"format-standard","5":"has-post-thumbnail","7":"category-tennis","8":"tag-alcaraz","9":"tag-federer","10":"tag-fr","11":"tag-france","12":"tag-sinner","13":"tag-sports","14":"tag-tennis"},"share_on_mastodon":{"url":"https:\/\/pubeurope.com\/@fr\/114327166814449684","error":""},"_links":{"self":[{"href":"https:\/\/www.europesays.com\/fr\/wp-json\/wp\/v2\/posts\/20651","targetHints":{"allow":["GET"]}}],"collection":[{"href":"https:\/\/www.europesays.com\/fr\/wp-json\/wp\/v2\/posts"}],"about":[{"href":"https:\/\/www.europesays.com\/fr\/wp-json\/wp\/v2\/types\/post"}],"author":[{"embeddable":true,"href":"https:\/\/www.europesays.com\/fr\/wp-json\/wp\/v2\/users\/2"}],"replies":[{"embeddable":true,"href":"https:\/\/www.europesays.com\/fr\/wp-json\/wp\/v2\/comments?post=20651"}],"version-history":[{"count":0,"href":"https:\/\/www.europesays.com\/fr\/wp-json\/wp\/v2\/posts\/20651\/revisions"}],"wp:featuredmedia":[{"embeddable":true,"href":"https:\/\/www.europesays.com\/fr\/wp-json\/wp\/v2\/media\/20652"}],"wp:attachment":[{"href":"https:\/\/www.europesays.com\/fr\/wp-json\/wp\/v2\/media?parent=20651"}],"wp:term":[{"taxonomy":"category","embeddable":true,"href":"https:\/\/www.europesays.com\/fr\/wp-json\/wp\/v2\/categories?post=20651"},{"taxonomy":"post_tag","embeddable":true,"href":"https:\/\/www.europesays.com\/fr\/wp-json\/wp\/v2\/tags?post=20651"}],"curies":[{"name":"wp","href":"https:\/\/api.w.org\/{rel}","templated":true}]}}