{"id":206518,"date":"2025-06-26T19:11:10","date_gmt":"2025-06-26T19:11:10","guid":{"rendered":"https:\/\/www.europesays.com\/fr\/206518\/"},"modified":"2025-06-26T19:11:10","modified_gmt":"2025-06-26T19:11:10","slug":"reuni-en-sommet-le-conseil-europeen-en-ordre-disperse-sur-lukraine-et-sur-gaza","status":"publish","type":"post","link":"https:\/\/www.europesays.com\/fr\/206518\/","title":{"rendered":"R\u00e9uni en sommet, le Conseil europ\u00e9en en ordre dispers\u00e9 sur l&rsquo;Ukraine et sur Gaza"},"content":{"rendered":"<p>R\u00e9unis \u00e0 Bruxelles ce jeudi 26 juin, les dirigeants europ\u00e9ens ont sign\u00e9 une d\u00e9claration commune sur la d\u00e9fense qui\u00ab souligne la n\u00e9cessit\u00e9 de continuer \u00e0 augmenter substantiellement les d\u00e9penses consacr\u00e9es \u00e0 la d\u00e9fense et \u00e0 la s\u00e9curit\u00e9 de l&rsquo;Europe, et de mieux investir ensemble \u00bb. Parmi les autres sujets \u00e0 l\u2019ordre du jour de ce sommet : l\u2019adh\u00e9sion de l&rsquo;Ukraine \u00e0 l&rsquo;UE et la situation \u00e0 Gaza.<\/p>\n<p>Avec notre envoy\u00e9e sp\u00e9ciale \u00e0 Bruxelles, <strong>Anastasia Becchio<\/strong><\/p>\n<p>L&rsquo;adh\u00e9sion de l&rsquo;Ukraine \u00e0 l&rsquo;Union europ\u00e9enne semble un objectif encore lointain. En arrivant au Conseil europ\u00e9en, le Premier ministre hongrois Viktor Orban a d\u2019embl\u00e9e affich\u00e9 la couleur. Pas question de c\u00e9der sur l\u2019adh\u00e9sion de l\u2019Ukraine \u00e0 l\u2019Union europ\u00e9enne.<\/p>\n<p>\u00ab Si nous int\u00e9grions l&rsquo;<strong><a href=\"https:\/\/www.rfi.fr\/fr\/tag\/ukraine\/\" class=\"link \" rel=\"nofollow noopener\" target=\"_blank\" data-ylk=\"slk:Ukraine;elm:context_link;itc:0;sec:content-canvas\">Ukraine<\/a><\/strong> dans l&rsquo;<strong><a href=\"https:\/\/www.rfi.fr\/fr\/tag\/union-europ\u00e9enne\/\" class=\"link \" rel=\"nofollow noopener\" target=\"_blank\" data-ylk=\"slk:Union europ\u00e9enne;elm:context_link;itc:0;sec:content-canvas\">Union europ\u00e9enne<\/a><\/strong>, nous int\u00e9grerions la guerre. Nous ne voulons pas faire partie d&rsquo;une communaut\u00e9 qui compte un pays qui est en guerre, parce que cela repr\u00e9senterait un danger imminent pour nous \u00bb, avertit-il.<\/p>\n<p>Pour tenter de l\u00e9gitimer son refus, Victor Orban a organis\u00e9 un r\u00e9f\u00e9rendum qui a recueilli officiellement 95% de suffrages contre l\u2019entr\u00e9e de l\u2019Ukraine dans l\u2019UE. Et peu importe si moins d\u2019un \u00e9lecteur sur trois y a pris part, le Premier ministre hongrois a brandi ce r\u00e9sultat en arrivant \u00e0 Bruxelles.<\/p>\n<p>Le pr\u00e9sident Zelensky s&rsquo;est joint \u00e0 la r\u00e9union en visioconf\u00e9rence avant de laisser les Vingt-Sept d\u00e9battre. Le pr\u00e9sident ukrainien devait notamment plaider une nouvelle fois pour une acc\u00e9l\u00e9ration du processus d\u2019adh\u00e9sion de son pays \u00e0 l\u2019UE.<\/p>\n<p><a href=\"https:\/\/www.rfi.fr\/fr\/europe\/20250626-r%C3%A9uni-en-sommet-le-conseil-europ%C3%A9en-en-ordre-dispers%C3%A9-sur-l-ukraine-et-sur-gaza\" rel=\"nofollow noopener\" target=\"_blank\" data-ylk=\"slk:Lire la suite sur RFI;elm:context_link;itc:0;sec:content-canvas\" class=\"link \">Lire la suite sur RFI<\/a><\/p>\n","protected":false},"excerpt":{"rendered":"R\u00e9unis \u00e0 Bruxelles ce jeudi 26 juin, les dirigeants europ\u00e9ens ont sign\u00e9 une d\u00e9claration commune sur la d\u00e9fense&hellip;\n","protected":false},"author":2,"featured_media":206519,"comment_status":"","ping_status":"","sticky":false,"template":"","format":"standard","meta":{"footnotes":""},"categories":[1586],"tags":[11,34421,2360,1777,674,1779,1011,27,1861,7738,12,25,1778,364,34517],"class_list":{"0":"post-206518","1":"post","2":"type-post","3":"status-publish","4":"format-standard","5":"has-post-thumbnail","7":"category-europe","8":"tag-actualites","9":"tag-anastasia-becchio","10":"tag-bruxelles","11":"tag-eu","12":"tag-europe","13":"tag-european-union","14":"tag-fr","15":"tag-france","16":"tag-lue","17":"tag-lunion-europeenne","18":"tag-news","19":"tag-republique-francaise","20":"tag-ue","21":"tag-union-europeenne","22":"tag-victor-orban"},"share_on_mastodon":{"url":"https:\/\/pubeurope.com\/@fr\/114751254398857319","error":""},"_links":{"self":[{"href":"https:\/\/www.europesays.com\/fr\/wp-json\/wp\/v2\/posts\/206518","targetHints":{"allow":["GET"]}}],"collection":[{"href":"https:\/\/www.europesays.com\/fr\/wp-json\/wp\/v2\/posts"}],"about":[{"href":"https:\/\/www.europesays.com\/fr\/wp-json\/wp\/v2\/types\/post"}],"author":[{"embeddable":true,"href":"https:\/\/www.europesays.com\/fr\/wp-json\/wp\/v2\/users\/2"}],"replies":[{"embeddable":true,"href":"https:\/\/www.europesays.com\/fr\/wp-json\/wp\/v2\/comments?post=206518"}],"version-history":[{"count":0,"href":"https:\/\/www.europesays.com\/fr\/wp-json\/wp\/v2\/posts\/206518\/revisions"}],"wp:featuredmedia":[{"embeddable":true,"href":"https:\/\/www.europesays.com\/fr\/wp-json\/wp\/v2\/media\/206519"}],"wp:attachment":[{"href":"https:\/\/www.europesays.com\/fr\/wp-json\/wp\/v2\/media?parent=206518"}],"wp:term":[{"taxonomy":"category","embeddable":true,"href":"https:\/\/www.europesays.com\/fr\/wp-json\/wp\/v2\/categories?post=206518"},{"taxonomy":"post_tag","embeddable":true,"href":"https:\/\/www.europesays.com\/fr\/wp-json\/wp\/v2\/tags?post=206518"}],"curies":[{"name":"wp","href":"https:\/\/api.w.org\/{rel}","templated":true}]}}