{"id":206524,"date":"2025-06-26T19:14:17","date_gmt":"2025-06-26T19:14:17","guid":{"rendered":"https:\/\/www.europesays.com\/fr\/206524\/"},"modified":"2025-06-26T19:14:17","modified_gmt":"2025-06-26T19:14:17","slug":"france-inter-devoile-sa-nouvelle-grande-matinale-avec-benjamin-duhamel-au-cote-de-nicolas-demorand","status":"publish","type":"post","link":"https:\/\/www.europesays.com\/fr\/206524\/","title":{"rendered":"France Inter d\u00e9voile sa nouvelle \u00ab\u00a0Grande matinale\u00a0\u00bb, avec Benjamin Duhamel au c\u00f4t\u00e9 de Nicolas Demorand"},"content":{"rendered":"<p>Le d\u00e9part annonc\u00e9 la semaine derni\u00e8re de sa co-pr\u00e9sentatrice\u00a0<a href=\"https:\/\/www.laprovence.com\/article\/culture-loisirs\/75354865943265\/de-france-24-au-plateau-du-20-heures-retour-sur-lascension-de-lea-salame\" target=\"_blank\" rel=\"noopener\">L\u00e9a Salam\u00e9 <\/a>pour le 20H sur France 2 \u00e0 la rentr\u00e9e a rebattu les cartes pour la saison prochaine, obligeant la directrice de la radio publique \u00e0 r\u00e9organiser cette tranche horaire.<\/p>\n<p>Du lundi au jeudi, la matinale sera allong\u00e9e d&rsquo;une heure, jusqu&rsquo;\u00e0 11H, s&rsquo;appelant d\u00e9sormais \u00ab\u00a0La Grande Matinale\u00a0\u00bb, avec deux figures de proue : \u00ab\u00a0Nicolas Demorand de 7 heures \u00e0 9 heures puis Sonia Devillers de 9 heures \u00e0 11 heures\u00a0\u00bb, a d\u00e9clar\u00e9 Ad\u00e8le Van Reeth dans une interview au Parisien.<\/p>\n<p>Le journaliste politique <a href=\"https:\/\/www.laprovence.com\/article\/societe\/49126663226012\/benjamin-duhamel-quitte-bfmtv-pour-se-consacrer-a-la-matinale-de-france-inter\" target=\"_blank\" rel=\"noopener\">Benjamin Duhamel<\/a>, lui, quitte finalement BMFTV, o\u00f9 il devait initialement garder son \u00e9mission en parall\u00e8le de France Inter, pour se consacrer enti\u00e8rement \u00e0 cette derni\u00e8re. Outre l&rsquo;interview de 7H50, il sera au c\u00f4t\u00e9 de Nicolas Demorand pour l&rsquo;interview de 8H20.<\/p>\n<p>\u00ab\u00a0\u00c0 30 ans, il incarne une nouvelle g\u00e9n\u00e9ration de journaliste et d&rsquo;intervieweur\u00a0\u00bb, s&rsquo;est justifi\u00e9e la patronne de la station. \u00ab\u00a0C&rsquo;est un intervieweur extr\u00eamement pr\u00e9cis qui a prouv\u00e9 sa dext\u00e9rit\u00e9 dans les entretiens, notamment politique. On a besoin de son expertise en vue de l&rsquo;\u00e9ch\u00e9ance pr\u00e9sidentielle (de 2027, NDLR) mais on invitera toujours \u00e0 7h50 des profils vari\u00e9s ; \u00e9crivains, artistes, chercheurs etc.\u00a0\u00bb, a-t-elle ajout\u00e9.<\/p>\n<p>Benjamin Duhamel est le fils de Patrice Duhamel, ancien directeur g\u00e9n\u00e9ral de\u00a0France T\u00e9l\u00e9visions, et de Nathalie Saint-Cricq,\u00a0\u00e9ditorialiste politique et temporairement directrice de la r\u00e9daction nationale de France T\u00e9l\u00e9visions.<\/p>\n<p>Selon Ad\u00e8le Van Reeth, Nicolas Demorand et Benjamin Duhamel \u00ab\u00a0sont tr\u00e8s compl\u00e9mentaires, avec des r\u00f4les bien r\u00e9partis\u00a0\u00bb.<\/p>\n<p>\u00ab\u00a0Se marrer\u00a0\u00bb<\/p>\n<p>Au billet d&rsquo;humour de 7H55, Matthieu No\u00ebl sera remplac\u00e9 par <a href=\"https:\/\/www.laprovence.com\/article\/elles-co\/3362474\/bertrand-chameroy-lhomme-ideal-selon-les-francais.html\" target=\"_blank\" rel=\"noopener\">Bertrand Chameroy,<\/a> \u00ab\u00a0quelqu&rsquo;un de dr\u00f4le et populaire, qui a aussi du culot\u00a0\u00bb, selon la dirigeante. \u00ab\u00a0\u00c0 cette heure-l\u00e0, on a besoin d&rsquo;une soupape: on doit pouvoir se marrer apr\u00e8s des moments intenses. J&rsquo;attends qu&rsquo;il dise tout haut ce que tout le monde pense tout bas, que cela concerne l&rsquo;invit\u00e9 ou les membres de l&rsquo;\u00e9quipe\u00a0\u00bb.<\/p>\n<p>\u00ab\u00a0Fran\u00e7ois Morel, Sophia Aram, David Castello-Lopes, Charline Vanhoenacker continuent, Lison Daniel et Philippe Katerine arr\u00eatent la matinale\u00a0\u00bb, annonce encore Ad\u00e8le Van Reeth, qui dit pr\u00e9parer \u00ab\u00a0quelques surprises\u00a0\u00bb, promettant que \u00ab\u00a0l&rsquo;humour gardera une place majeure\u00a0\u00bb au sein de cette tranche horaire.<\/p>\n<p>Autre changement: Nora Hamadi, venue de France Culture, remplace Claude Askolovitch \u00e0 la revue de presse.<\/p>\n<p>La tranche 9H-11H, incarn\u00e9e par Sonia Devillers, \u00ab\u00a0sera plus magazine, culturelle et soci\u00e9tale\u00a0\u00bb. La journaliste, \u00ab\u00a0apr\u00e8s les d\u00e9bats de 9H05, (&#8230;) m\u00e8nera une interview qui prendra la forme d&rsquo;un r\u00e9cit de vie \u00e0 la premi\u00e8re personne, d&rsquo;un anonyme ou d&rsquo;une c\u00e9l\u00e9brit\u00e9\u00a0\u00bb, d\u00e9taille Mme Van Reeth.<\/p>\n<p>De 10H \u00e0 10H30 est promis \u00ab\u00a0un nouveau format culturel\u00a0\u00bb encore en jach\u00e8re. Et entre 10H30 et 11H, \u00ab\u00a0Ali Rebeihi proposera un rendez-vous dans la lign\u00e9e de Grand bien vous fasse ! (qui garde une version hebdomadaire le vendredi)\u00a0\u00bb, autour \u00ab\u00a0de la vie quotidienne\u00a0\u00bb.<\/p>\n<p>Au final, cette \u00ab\u00a0Grande matinale\u00a0\u00bb sera \u00ab\u00a0paritaire\u00a0\u00bb, en d\u00e9pit du d\u00e9part de sa pr\u00e9sentatrice, insiste la patronne de France Inter.<\/p>\n<p>Par ailleurs, cette derni\u00e8re promet des podcasts jeunesse. Et n&rsquo;exclut pas de retravailler avec L\u00e9a Salam\u00e9: \u00ab\u00a0on n&rsquo;en a pas fini avec les +Femmes puissantes+\u00a0\u00bb, une s\u00e9rie que cette derni\u00e8re avait lanc\u00e9e en 2021.<\/p>\n<p>Ad\u00e8le Van Reeth s&rsquo;exprime au premier jour d&rsquo;une gr\u00e8ve illimit\u00e9e pour s&rsquo;opposer aux restrictions budg\u00e9taires et \u00e0 la r\u00e9forme de l&rsquo;audiovisuel public, \u00e0 l&rsquo;appel de l&rsquo;ensemble des organisations syndicales de la maison ronde. Ce mouvement a mobilis\u00e9 40% des journalistes jeudi, selon le SNJ.<\/p>\n<p>\u00ab\u00a0Je comprends la col\u00e8re et les inqui\u00e9tudes quand on voit la virulence des attaques de tous bords contre les journalistes et l&rsquo;audiovisuel public\u00a0\u00bb qui \u00ab\u00a0n&rsquo;a jamais \u00e9t\u00e9 aussi puissant, rassembleur et populaire\u00a0\u00bb, dit-elle au Parisien.<\/p>\n<p>Sur la r\u00e9forme, examin\u00e9e \u00e0 l&rsquo;Assembl\u00e9e nationale lundi et mardi, qui pr\u00e9voit de\u00a0cr\u00e9er une holding qui chapeauterait France T\u00e9l\u00e9visions, Radio France et l&rsquo;Ina (Institut national de\u00a0l&rsquo;audiovisuel), elle sugg\u00e8re d&rsquo;attendre \u00ab\u00a0de voir ce que d\u00e9cidera le Parlement\u00a0\u00bb.<\/p>\n<p>De janvier \u00e0 mars, la matinale de France Inter a rassembl\u00e9 4.877.000 auditeurs chaque jour en moyenne, soit 166.000 paires d&rsquo;oreilles de plus en un an, selon les chiffres de M\u00e9diam\u00e9trie.<\/p>\n","protected":false},"excerpt":{"rendered":"Le d\u00e9part annonc\u00e9 la semaine derni\u00e8re de sa co-pr\u00e9sentatrice\u00a0L\u00e9a Salam\u00e9 pour le 20H sur France 2 \u00e0 la&hellip;\n","protected":false},"author":2,"featured_media":206525,"comment_status":"","ping_status":"","sticky":false,"template":"","format":"standard","meta":{"footnotes":""},"categories":[4],"tags":[17,11,3396,851,1011,27,4027,10317,34518,12,2043,25,104],"class_list":{"0":"post-206524","1":"post","2":"type-post","3":"status-publish","4":"format-standard","5":"has-post-thumbnail","7":"category-france","8":"tag-17","9":"tag-actualites","10":"tag-avec","11":"tag-devoile","12":"tag-fr","13":"tag-france","14":"tag-grande","15":"tag-inter","16":"tag-matinale","17":"tag-news","18":"tag-nouvelle","19":"tag-republique-francaise","20":"tag-societe"},"share_on_mastodon":{"url":"https:\/\/pubeurope.com\/@fr\/114751266050524822","error":""},"_links":{"self":[{"href":"https:\/\/www.europesays.com\/fr\/wp-json\/wp\/v2\/posts\/206524","targetHints":{"allow":["GET"]}}],"collection":[{"href":"https:\/\/www.europesays.com\/fr\/wp-json\/wp\/v2\/posts"}],"about":[{"href":"https:\/\/www.europesays.com\/fr\/wp-json\/wp\/v2\/types\/post"}],"author":[{"embeddable":true,"href":"https:\/\/www.europesays.com\/fr\/wp-json\/wp\/v2\/users\/2"}],"replies":[{"embeddable":true,"href":"https:\/\/www.europesays.com\/fr\/wp-json\/wp\/v2\/comments?post=206524"}],"version-history":[{"count":0,"href":"https:\/\/www.europesays.com\/fr\/wp-json\/wp\/v2\/posts\/206524\/revisions"}],"wp:featuredmedia":[{"embeddable":true,"href":"https:\/\/www.europesays.com\/fr\/wp-json\/wp\/v2\/media\/206525"}],"wp:attachment":[{"href":"https:\/\/www.europesays.com\/fr\/wp-json\/wp\/v2\/media?parent=206524"}],"wp:term":[{"taxonomy":"category","embeddable":true,"href":"https:\/\/www.europesays.com\/fr\/wp-json\/wp\/v2\/categories?post=206524"},{"taxonomy":"post_tag","embeddable":true,"href":"https:\/\/www.europesays.com\/fr\/wp-json\/wp\/v2\/tags?post=206524"}],"curies":[{"name":"wp","href":"https:\/\/api.w.org\/{rel}","templated":true}]}}