{"id":206526,"date":"2025-06-26T19:16:10","date_gmt":"2025-06-26T19:16:10","guid":{"rendered":"https:\/\/www.europesays.com\/fr\/206526\/"},"modified":"2025-06-26T19:16:10","modified_gmt":"2025-06-26T19:16:10","slug":"beach-volley-continental-cup-vainqueur-du-rwanda-le-senegal-assure-sa-deuxieme-victoire-et-passe-au-tour-suivant","status":"publish","type":"post","link":"https:\/\/www.europesays.com\/fr\/206526\/","title":{"rendered":"Beach-volley &#8211; Continental Cup : Vainqueur du Rwanda, le S\u00e9n\u00e9gal assure sa deuxi\u00e8me victoire et passe au tour suivant"},"content":{"rendered":"<p>Apr\u00e8s la victoire contre la Gambie en ouverture de comp\u00e9tition (2-0), le S\u00e9n\u00e9gal a battu le Rwanda (2-0) pour sa deuxi\u00e8me sortie dans le Continental Cup de Beach Volley, cet apr\u00e8s-midi. La paire s\u00e9n\u00e9galaise termine premi\u00e8re du groupe E et se qualifie au tour suivant.<\/p>\n<p>Victorieuse de la Gambie lors de son entr\u00e9e en lice, la paire s\u00e9n\u00e9galaise compos\u00e9e de Seydou Mbengue et de Babacar Samb a assur\u00e9 son deuxi\u00e8me succ\u00e8s dans le Continental Cup Senior de Beach Volley qui se d\u00e9roule du 23 au 30 juin, au Maroc. Les deux s\u00e9n\u00e9galais ont battu les Rwandais sur le score de 2 \u00e0 0.<\/p>\n<p>Apr\u00e8s deux succ\u00e8s dans un groupe \u00e0 trois, le S\u00e9n\u00e9gal premier du groupe E, avance ainsi dans la comp\u00e9tition et devrait conna\u00eetre son adversaire pour le tour suivant \u00e0 l\u2019issue des autres rencontres. Le S\u00e9n\u00e9gal affrontera le 3e du groupe D (pas encore identifi\u00e9).<\/p>\n<p>La paire f\u00e9minine des moins 21 ans de beach volley est aussi pr\u00e9sente \u00e0 Martil avec le coach Assane Sy pour repr\u00e9senter le S\u00e9n\u00e9gal dans le tournoi des moins de 21 ans. Leur comp\u00e9tition d\u00e9butera d\u00e8s demain et la r\u00e9union technique aura lieu cet apr\u00e8s-midi.<\/p>\n<p><img loading=\"lazy\" decoding=\"async\" class=\"aligncenter wp-image-389099 size-full\" src=\"data:image\/svg+xml;base64,PHN2ZyB4bWxucz0iaHR0cDovL3d3dy53My5vcmcvMjAwMC9zdmciIHZpZXdCb3g9IjAgMCAxMDgwIDExMTEiIHdpZHRoPSIxMDgwIiBoZWlnaHQ9IjExMTEiIGRhdGEtdT0iaHR0cHMlM0ElMkYlMkZ3aXdzcG9ydC5jb20lMkZ3cC1jb250ZW50JTJGdXBsb2FkcyUyRjIwMjUlMkYwNiUyRjMyNjhkYzFjLTE4MTEtNDU0Yy05YmJjLWVlNjIzZjdkY2I4NS5qcGVnIiBkYXRhLXc9IjEwODAiIGRhdGEtaD0iMTExMSIgZGF0YS1iaXA9IiI+PC9zdmc+\" data-spai=\"1\" alt=\"Beach-volley - Continental Cup : Vainqueur du Rwanda, le S\u00e9n\u00e9gal assure sa deuxi\u00e8me victoire et passe au tour suivant - wiwsport\" width=\"1080\" height=\"1111\" title=\"Beach-volley - Continental Cup : Vainqueur du Rwanda, le S\u00e9n\u00e9gal assure sa deuxi\u00e8me victoire et passe au tour suivant - wiwsport\"\/><\/p>\n<p>wiwsport.com<\/p>\n","protected":false},"excerpt":{"rendered":"Apr\u00e8s la victoire contre la Gambie en ouverture de comp\u00e9tition (2-0), le S\u00e9n\u00e9gal a battu le Rwanda (2-0)&hellip;\n","protected":false},"author":2,"featured_media":206527,"comment_status":"","ping_status":"","sticky":false,"template":"","format":"standard","meta":{"footnotes":""},"categories":[1417],"tags":[1011,27,60,1470,1469],"class_list":{"0":"post-206526","1":"post","2":"type-post","3":"status-publish","4":"format-standard","5":"has-post-thumbnail","7":"category-volley","8":"tag-fr","9":"tag-france","10":"tag-sports","11":"tag-volley","12":"tag-volleyball"},"share_on_mastodon":{"url":"https:\/\/pubeurope.com\/@fr\/114751273961296615","error":""},"_links":{"self":[{"href":"https:\/\/www.europesays.com\/fr\/wp-json\/wp\/v2\/posts\/206526","targetHints":{"allow":["GET"]}}],"collection":[{"href":"https:\/\/www.europesays.com\/fr\/wp-json\/wp\/v2\/posts"}],"about":[{"href":"https:\/\/www.europesays.com\/fr\/wp-json\/wp\/v2\/types\/post"}],"author":[{"embeddable":true,"href":"https:\/\/www.europesays.com\/fr\/wp-json\/wp\/v2\/users\/2"}],"replies":[{"embeddable":true,"href":"https:\/\/www.europesays.com\/fr\/wp-json\/wp\/v2\/comments?post=206526"}],"version-history":[{"count":0,"href":"https:\/\/www.europesays.com\/fr\/wp-json\/wp\/v2\/posts\/206526\/revisions"}],"wp:featuredmedia":[{"embeddable":true,"href":"https:\/\/www.europesays.com\/fr\/wp-json\/wp\/v2\/media\/206527"}],"wp:attachment":[{"href":"https:\/\/www.europesays.com\/fr\/wp-json\/wp\/v2\/media?parent=206526"}],"wp:term":[{"taxonomy":"category","embeddable":true,"href":"https:\/\/www.europesays.com\/fr\/wp-json\/wp\/v2\/categories?post=206526"},{"taxonomy":"post_tag","embeddable":true,"href":"https:\/\/www.europesays.com\/fr\/wp-json\/wp\/v2\/tags?post=206526"}],"curies":[{"name":"wp","href":"https:\/\/api.w.org\/{rel}","templated":true}]}}