{"id":206531,"date":"2025-06-26T19:19:17","date_gmt":"2025-06-26T19:19:17","guid":{"rendered":"https:\/\/www.europesays.com\/fr\/206531\/"},"modified":"2025-06-26T19:19:17","modified_gmt":"2025-06-26T19:19:17","slug":"six-joueurs-de-lile-de-france-parmi-les-12-entrants-au-pole-france-en-2025","status":"publish","type":"post","link":"https:\/\/www.europesays.com\/fr\/206531\/","title":{"rendered":"Six joueurs de l&rsquo;\u00cele-de-France parmi les 12 entrants au P\u00f4le France en 2025"},"content":{"rendered":"<p>La <strong>F\u00e9d\u00e9ration fran\u00e7aise de basketball<\/strong> (FFBB) a annonc\u00e9 la liste des 12 entrants au <a href=\"https:\/\/www.bebasket.fr\/equipe\/pole-france\" target=\"_blank\" rel=\"noopener\">P\u00f4le France<\/a> pour la rentr\u00e9e 2025. Parmi eux on trouve six joueurs du P\u00f4le \u00cele-de-France. Autrement, les jumeaux Nonga Drieux de M\u00e8ze (d\u00e9sormais en U15 ELITE Croix d\u2019Argent) font partie de la liste mais ils ne sont pas les seuls \u00e0 avoir atteint les 2,00 m. Yohan Pomier, U15 ELITE de Marne-la-Vall\u00e9e, est le seul U14 (g\u00e9n\u00e9ration 2011) \u00e0 int\u00e9grer l\u2019institution pensionnaire de l\u2019INSEP. Les 12 joueurs: <a title=\"Ma\u00ebl Barbier (1,96 m, 14 ans)\" target=\"_blank\" rel=\"noopener\" href=\"https:\/\/www.bebasket.fr\/joueur\/mael-barbier\">Ma\u00ebl Barbier<\/a>,\u00a0<a title=\"Messie-Guethan Iwani\" target=\"_blank\" rel=\"noopener\" href=\"https:\/\/www.bebasket.fr\/joueur\/messie-guethan-iwani\">Messie-Guethan Iwani<\/a>,\u00a0<a title=\"Liam Kabeya\" target=\"_blank\" rel=\"noopener\" href=\"https:\/\/www.bebasket.fr\/joueur\/liam-kabeya\">Liam Kabeya<\/a>,\u00a0<a title=\"Darryl Makoumbou\" target=\"_blank\" rel=\"noopener\" href=\"https:\/\/www.bebasket.fr\/joueur\/darryl-makoumbou\">Darryl Makoumbou<\/a>,\u00a0<a title=\"Livio Mendes\" target=\"_blank\" rel=\"noopener\" href=\"https:\/\/www.bebasket.fr\/joueur\/livio-mendes\">Livio Mendes<\/a>,\u00a0<a title=\"Laynce Mendy\" target=\"_blank\" rel=\"noopener\" href=\"https:\/\/www.bebasket.fr\/joueur\/laynce-mendy\">Laynce Mendy<\/a>,\u00a0<a title=\"Ta\u00efg Nonga Drieux\" target=\"_blank\" rel=\"noopener\" href=\"https:\/\/www.bebasket.fr\/joueur\/taig-nonga-drieux\">Ta\u00efg Nonga Drieux<\/a>,\u00a0<a title=\"Camron Nonga Drieux\" target=\"_blank\" rel=\"noopener\" href=\"https:\/\/www.bebasket.fr\/joueur\/camron-nonga-drieux\">Camron Nonga Drieux<\/a>,\u00a0<a title=\"Gabin Pascal\" target=\"_blank\" rel=\"noopener\" href=\"https:\/\/www.bebasket.fr\/joueur\/gabin-pascal\">Gabin Pascal<\/a>,\u00a0<a title=\"Milo Pietri-Dangla\" target=\"_blank\" rel=\"noopener\" href=\"https:\/\/www.bebasket.fr\/joueur\/milo-pietri-dangla\">Milo Pietri-Dangla<\/a>,\u00a0<a title=\"Yohan Pomier\" target=\"_blank\" rel=\"noopener\" href=\"https:\/\/www.bebasket.fr\/joueur\/yohan-pomier\">Yohan Pomier<\/a> et\u00a0<a title=\"Ilian Toholin\" target=\"_blank\" rel=\"noopener\" href=\"https:\/\/www.bebasket.fr\/joueur\/ilian-toholin\">Ilian Toholin<\/a>.<\/p>\n<p>LIRE AUSSI<\/p>\n<p><a title=\"Les 72 U15 convoqu\u00e9s pour le camp national 2024\" href=\"https:\/\/www.bebasket.fr\/les-u15-convoques-pour-le-camp-national-2024\" target=\"_blank\" rel=\"noopener\"> <img decoding=\"async\" src=\"https:\/\/www.europesays.com\/fr\/wp-content\/uploads\/2025\/06\/isaac-ramphort-paris-1efa8fb3-0709-611a-bf57-337f579b2852.png\" alt=\"Isaac Ramphort Paris\"\/> <\/a><\/p>\n<p>Voici la liste des 12 entrants au P\u00f4le France en 2025 :<\/p>\n<tr>\n<td width=\"121\"><strong>Nom<\/strong><\/td>\n<td width=\"137\"><strong>Pr\u00e9nom <\/strong><\/td>\n<td width=\"73\"><strong>Naissance<\/strong><\/td>\n<td width=\"59\"><strong>Taille <\/strong><\/td>\n<td width=\"305\"><strong>Club<\/strong><\/td>\n<td width=\"124\"><strong>P\u00f4le<\/strong><\/td>\n<\/tr>\n<tr>\n<td>BARBIER<\/td>\n<td>Ma\u00ebl<\/td>\n<td>2010<\/td>\n<td>1,96<\/td>\n<td>CA Brive (pr\u00eat\u00e9 \u00e0 Limoges CSP)<\/td>\n<td>Limousin<\/td>\n<\/tr>\n<tr>\n<td>IWANI<\/td>\n<td>Messie-Guethan<\/td>\n<td>2010<\/td>\n<td>2,00<\/td>\n<td>Marne-la-Vall\u00e9e<\/td>\n<td>\u00cele de France<\/td>\n<\/tr>\n<tr>\n<td>KABEYA<\/td>\n<td>Liam<\/td>\n<td>2010<\/td>\n<td>1,90<\/td>\n<td>Plessis Savigny (pr\u00eat\u00e9 \u00e0 Ris Orangis)<\/td>\n<td>\u00cele de France<\/td>\n<\/tr>\n<tr>\n<td>MAKOUMBOU<\/td>\n<td>Darryl<\/td>\n<td>2010<\/td>\n<td>2,00<\/td>\n<td>Levallois SC<\/td>\n<td>\u00cele de France<\/td>\n<\/tr>\n<tr>\n<td>MENDES<\/td>\n<td>Livio<\/td>\n<td>2010<\/td>\n<td>1,94<\/td>\n<td>Antibes (pr\u00eat\u00e9 \u00e0 Le Cannet)<\/td>\n<td>C\u00f4te d\u2019Azur<\/td>\n<\/tr>\n<tr>\n<td>MENDY<\/td>\n<td>Laynce<\/td>\n<td>2010<\/td>\n<td>1,74<\/td>\n<td>Alliance de Dreux (pr\u00eat\u00e9 \u00e0 Orl\u00e9ans LB)<\/td>\n<td>Centre<\/td>\n<\/tr>\n<tr>\n<td>NONGA DRIEUX<\/td>\n<td>Camron<\/td>\n<td>2010<\/td>\n<td>2,02<\/td>\n<td>La Croix d\u2019Argent Montpellier<\/td>\n<td>Languedoc<\/td>\n<\/tr>\n<tr>\n<td>NONGA DRIEUX<\/td>\n<td>Ta\u00efg<\/td>\n<td>2010<\/td>\n<td>2,00<\/td>\n<td>La Croix d\u2019Argent Montpellier<\/td>\n<td>Languedoc<\/td>\n<\/tr>\n<tr>\n<td>PASCAL<\/td>\n<td>Gabin<\/td>\n<td>2010<\/td>\n<td>1,80<\/td>\n<td>La Domremy<\/td>\n<td>\u00cele de France<\/td>\n<\/tr>\n<tr>\n<td>PIETRI-DANGLA<\/td>\n<td>Milo<\/td>\n<td>2010<\/td>\n<td>1,88<\/td>\n<td>Avenir Muretain<\/td>\n<td>Pyr\u00e9n\u00e9es<\/td>\n<\/tr>\n<tr>\n<td>POMIER<\/td>\n<td>Yohan<\/td>\n<td>2011<\/td>\n<td>1,99<\/td>\n<td>Marne-la-Vall\u00e9e<\/td>\n<td>\u00cele de France<\/td>\n<\/tr>\n<tr>\n<td>TOHOLIN<\/td>\n<td>Ilian<\/td>\n<td>2010<\/td>\n<td>1,91<\/td>\n<td>Paris Basketball (pr\u00eat\u00e9 \u00e0 La Domremy)<\/td>\n<td>\u00cele de France<\/td>\n<\/tr>\n<p>\u00a0<\/p>\n<p>Les nouvelles entrantes f\u00e9minines seront choisies plus tard.<\/p>\n","protected":false},"excerpt":{"rendered":"La F\u00e9d\u00e9ration fran\u00e7aise de basketball (FFBB) a annonc\u00e9 la liste des 12 entrants au P\u00f4le France pour la&hellip;\n","protected":false},"author":2,"featured_media":206532,"comment_status":"","ping_status":"","sticky":false,"template":"","format":"standard","meta":{"footnotes":""},"categories":[1414],"tags":[1465,1464,1011,27,60],"class_list":{"0":"post-206531","1":"post","2":"type-post","3":"status-publish","4":"format-standard","5":"has-post-thumbnail","7":"category-basket","8":"tag-basket","9":"tag-basketball","10":"tag-fr","11":"tag-france","12":"tag-sports"},"share_on_mastodon":{"url":"https:\/\/pubeurope.com\/@fr\/114751285818071900","error":""},"_links":{"self":[{"href":"https:\/\/www.europesays.com\/fr\/wp-json\/wp\/v2\/posts\/206531","targetHints":{"allow":["GET"]}}],"collection":[{"href":"https:\/\/www.europesays.com\/fr\/wp-json\/wp\/v2\/posts"}],"about":[{"href":"https:\/\/www.europesays.com\/fr\/wp-json\/wp\/v2\/types\/post"}],"author":[{"embeddable":true,"href":"https:\/\/www.europesays.com\/fr\/wp-json\/wp\/v2\/users\/2"}],"replies":[{"embeddable":true,"href":"https:\/\/www.europesays.com\/fr\/wp-json\/wp\/v2\/comments?post=206531"}],"version-history":[{"count":0,"href":"https:\/\/www.europesays.com\/fr\/wp-json\/wp\/v2\/posts\/206531\/revisions"}],"wp:featuredmedia":[{"embeddable":true,"href":"https:\/\/www.europesays.com\/fr\/wp-json\/wp\/v2\/media\/206532"}],"wp:attachment":[{"href":"https:\/\/www.europesays.com\/fr\/wp-json\/wp\/v2\/media?parent=206531"}],"wp:term":[{"taxonomy":"category","embeddable":true,"href":"https:\/\/www.europesays.com\/fr\/wp-json\/wp\/v2\/categories?post=206531"},{"taxonomy":"post_tag","embeddable":true,"href":"https:\/\/www.europesays.com\/fr\/wp-json\/wp\/v2\/tags?post=206531"}],"curies":[{"name":"wp","href":"https:\/\/api.w.org\/{rel}","templated":true}]}}