{"id":206533,"date":"2025-06-26T19:20:12","date_gmt":"2025-06-26T19:20:12","guid":{"rendered":"https:\/\/www.europesays.com\/fr\/206533\/"},"modified":"2025-06-26T19:20:12","modified_gmt":"2025-06-26T19:20:12","slug":"jai-besoin-dun-projet-victorieux","status":"publish","type":"post","link":"https:\/\/www.europesays.com\/fr\/206533\/","title":{"rendered":"J&rsquo;ai besoin d&rsquo;un projet victorieux"},"content":{"rendered":"<p>Fabio Quartararo est pass\u00e9 par plusieurs \u00e9tats d&rsquo;esprit depuis que Yamaha ne joue plus les premi\u00e8res places. Le Fran\u00e7ais a \u00e9t\u00e9 titr\u00e9 en 2021 et a longtemps men\u00e9 le championnat l&rsquo;ann\u00e9e suivante, mais d\u00e8s la mi-saison 2022, la M1 ne pouvait plus pr\u00e9tendre \u00e0 la victoire. D&rsquo;abord tr\u00e8s critique envers son \u00e9quipe, Quartararo a ensuite vu Yamaha faire de gros efforts et s&rsquo;est r\u00e9engag\u00e9 pour 2025 et 2026. Mais maintiendra-t-il sa confiance en la marque \u00e0 plus long terme\u00a0?<\/p>\n<p>La saison 2027 s&rsquo;accompagnera d&rsquo;un changement d&rsquo;\u00e8re en MotoGP, avec un r\u00e8glement profond\u00e9ment remani\u00e9 et synonyme d&rsquo;une nouvelle g\u00e9n\u00e9ration de machines. Avant de s&rsquo;engager pour cette p\u00e9riode, Quartararo veut voir ce dont Yamaha sera capable en 2026, qui marquera d\u00e9j\u00e0 une premi\u00e8re r\u00e9volution pour le constructeur.<\/p>\n<p>Ce dernier travaille actuellement sur le d\u00e9veloppement d&rsquo;un V4 qui <a href=\"https:\/\/fr.motorsport.com\/motogp\/news\/quartararo-pense-yamaha-optera-v4-2026\/10725831\/\" target=\"_blank\" rel=\"noopener\">devrait \u00eatre utilis\u00e9 pendant uniquement la saison 2026<\/a>, avant la r\u00e9duction de la cylindr\u00e9e l&rsquo;ann\u00e9e suivante. Cette Yamaha totalement modifi\u00e9e aura vocation \u00e0 montrer \u00e0 Quartararo ce dont le constructeur est capable. Retrouver le premier plan n&rsquo;est pas un simple espoir, mais un v\u00e9ritable imp\u00e9ratif \u00e0 ses yeux.<\/p>\n<p>\u00ab\u00a0Sinc\u00e8rement, nous sommes encore tr\u00e8s loin\u00a0\u00bb, a confi\u00e9 Quartararo <a href=\"https:\/\/www.motogp.com\/en\/videos\/2025\/06\/26\/i-need-a-winning-project-now-quartararo-ramps-up-pressure-on-yamaha\/753046\" target=\"_blank\" rel=\"noopener\">au site officiel du MotoGP<\/a>. \u00ab\u00a0Normalement, l&rsquo;an prochain nous aurons une nouvelle moto, totalement nouvelle, avec le V4. Je ne sais pas si on repart \u00e0 z\u00e9ro mais m\u00eame moi, j&rsquo;avais besoin d&rsquo;un changement. Je pense que la M1 a plus ou moins atteint sa limite et maintenant il faut quelque chose de nouveau. Mais j&rsquo;ai besoin d&rsquo;un projet victorieux maintenant.\u00a0\u00bb<\/p>\n<p>Invit\u00e9 \u00e0 \u00e9valuer de 0 \u00e0 10 ses chances de d\u00e9crocher un nouveau titre avec Yamaha, Quartararo a pr\u00e9f\u00e9r\u00e9 fixer un ultimatum\u00a0:\u00a0\u00ab\u00a0Je pense que pour Yamaha et moi, je pr\u00e9f\u00e8re ne donner aucun chiffre. Pour cette ann\u00e9e, la confiance est naturellement \u00e0 0. Ca d\u00e9pendra beaucoup de la moto de l&rsquo;an prochain.\u00a0\u00bb<\/p>\n<p>   <img decoding=\"async\" draggable=\"false\" src=\"https:\/\/www.europesays.com\/fr\/wp-content\/uploads\/2025\/06\/1750965612_420_fabio-quartararo-yamaha-factor.jpg\" alt=\"Fabio Quartararo, Yamaha Factory Racing\" width=\"1200\" height=\"800\" loading=\"lazy\"\/> <\/p>\n<p class=\"title\">Fabio Quartararo<\/p>\n<p class=\"photographer\">Photo de: Gold and Goose Photography \/ LAT Images \/ via Getty Images<\/p>\n<p>L&rsquo;an pass\u00e9, Quartararo a \u00e9t\u00e9 s\u00e9duit par le recrutement de Max Bartolini au poste de directeur technique. Les id\u00e9es de l&rsquo;ancien bras droit de Gigi Dall&rsquo;Igna chez Ducati ont convaincu Quartararo de rester deux ans de plus. Pour qu&rsquo;il poursuive l&rsquo;aventure, les changements devront se concr\u00e9tiser en r\u00e9sultats en 2026, .<\/p>\n<p>\u00ab\u00a0Max a une grosse, grosse pression sur les \u00e9paules. Si je suis rest\u00e9 chez Yamaha cette ann\u00e9e et la prochaine, je pense que Yamaha peut le remercier, parce que c&rsquo;est celui qui m&rsquo;a fait changer d&rsquo;avis et m&rsquo;a vraiment fait croire au projet. Mais il sait qu&rsquo;il doit faire en sorte que \u00e7a fonctionne l&rsquo;an prochain. C&rsquo;est super important pour moi, pour ma sant\u00e9 mentale. On verra o\u00f9 le nouveau projet nous m\u00e8nera. C&rsquo;est important qu&rsquo;on se batte pour des victoires l&rsquo;an prochain.\u00a0\u00bb<\/p>\n<blockquote>\n<p>Ce que je veux voir, ce sont des faits. Et actuellement, je ne vois rien.<\/p>\n<\/blockquote>\n<p>\u00ab\u00a0Je ne prends pas plaisir sur la moto et c&rsquo;est ce dont j&rsquo;ai besoin maintenant\u00a0\u00bb, a ajout\u00e9 Quartararo. \u00ab\u00a0Je dois prendre du plaisir, je dois sentir le bonheur d&rsquo;\u00eatre devant. C&rsquo;est vraiment ce dont j&rsquo;ai besoin maintenant. C&rsquo;est pour \u00e7a que je leur mets une grosse pression parce que je n&rsquo;ai pas plus de temps.\u00a0\u00bb<\/p>\n<p>Longtemps critique face \u00e0 l&rsquo;attentisme de Yamaha, Quartararo a plusieurs fois salu\u00e9 les efforts en interne mais il n&rsquo;est plus pr\u00eat \u00e0 s&rsquo;en contenter\u00a0: \u00ab\u00a0Ce que je veux voir, ce sont des faits. Et actuellement, je ne vois rien.\u00a0\u00bb Yamaha est plus que jamais pr\u00e9venu.<\/p>\n<p>Lire aussi :<\/p>\n<p>Dans cet article<\/p>\n<p>    Vincent Lalanne-Sicaud\n<\/p>\n<p>    MotoGP\n<\/p>\n<p>    Fabio Quartararo\n<\/p>\n<p>    Yamaha Factory Racing\n<\/p>\n<p>Soyez le premier inform\u00e9 et souscrivez aux alertes mails pour recevoir les infos en temps r\u00e9el<\/p>\n<p>    S&rsquo;abonner aux alertes de news<\/p>\n","protected":false},"excerpt":{"rendered":"Fabio Quartararo est pass\u00e9 par plusieurs \u00e9tats d&rsquo;esprit depuis que Yamaha ne joue plus les premi\u00e8res places. Le&hellip;\n","protected":false},"author":2,"featured_media":206534,"comment_status":"","ping_status":"","sticky":false,"template":"","format":"standard","meta":{"footnotes":""},"categories":[1413],"tags":[1680,1011,27,1457,1456,1458,60,3796],"class_list":{"0":"post-206533","1":"post","2":"type-post","3":"status-publish","4":"format-standard","5":"has-post-thumbnail","7":"category-moto","8":"tag-fabio-quartararo","9":"tag-fr","10":"tag-france","11":"tag-moto","12":"tag-motocycle","13":"tag-motogp","14":"tag-sports","15":"tag-yamaha-factory-racing"},"share_on_mastodon":{"url":"https:\/\/pubeurope.com\/@fr\/114751289686153004","error":""},"_links":{"self":[{"href":"https:\/\/www.europesays.com\/fr\/wp-json\/wp\/v2\/posts\/206533","targetHints":{"allow":["GET"]}}],"collection":[{"href":"https:\/\/www.europesays.com\/fr\/wp-json\/wp\/v2\/posts"}],"about":[{"href":"https:\/\/www.europesays.com\/fr\/wp-json\/wp\/v2\/types\/post"}],"author":[{"embeddable":true,"href":"https:\/\/www.europesays.com\/fr\/wp-json\/wp\/v2\/users\/2"}],"replies":[{"embeddable":true,"href":"https:\/\/www.europesays.com\/fr\/wp-json\/wp\/v2\/comments?post=206533"}],"version-history":[{"count":0,"href":"https:\/\/www.europesays.com\/fr\/wp-json\/wp\/v2\/posts\/206533\/revisions"}],"wp:featuredmedia":[{"embeddable":true,"href":"https:\/\/www.europesays.com\/fr\/wp-json\/wp\/v2\/media\/206534"}],"wp:attachment":[{"href":"https:\/\/www.europesays.com\/fr\/wp-json\/wp\/v2\/media?parent=206533"}],"wp:term":[{"taxonomy":"category","embeddable":true,"href":"https:\/\/www.europesays.com\/fr\/wp-json\/wp\/v2\/categories?post=206533"},{"taxonomy":"post_tag","embeddable":true,"href":"https:\/\/www.europesays.com\/fr\/wp-json\/wp\/v2\/tags?post=206533"}],"curies":[{"name":"wp","href":"https:\/\/api.w.org\/{rel}","templated":true}]}}