{"id":206537,"date":"2025-06-26T19:22:09","date_gmt":"2025-06-26T19:22:09","guid":{"rendered":"https:\/\/www.europesays.com\/fr\/206537\/"},"modified":"2025-06-26T19:22:09","modified_gmt":"2025-06-26T19:22:09","slug":"cyclisme-transferts-ineos-grenadiers-securise-une-pepite-espagnole-pour-2027","status":"publish","type":"post","link":"https:\/\/www.europesays.com\/fr\/206537\/","title":{"rendered":"Cyclisme. Transferts &#8211; INEOS Grenadiers s\u00e9curise une p\u00e9pite espagnole pour 2027"},"content":{"rendered":"<p>L&rsquo;\u00e9quipe <strong><a href=\"https:\/\/www.cyclismactu.net\/..\/news-tour-de-france-route-totalenergies-sur-maillot-de-chez-ineos-grenadiers-des-tour-88549.html\" target=\"_blank\" rel=\"nofollow noopener\">INEOS Grenadiers<\/a> <\/strong>a les yeux fix\u00e9s sur l&rsquo;avenir ! Avec d\u00e9j\u00e0 des jeunes coureurs prometteurs dans leurs rangs tels que <strong>Artem Shmidt<\/strong>,\u00a0<strong>Michael Leonard <\/strong>ou m\u00eame des coureurs d\u00e9j\u00e0 confirm\u00e9s comme <strong><a href=\"https:\/\/www.cyclismactu.net\/..\/news-tour-d-italie-route-joshua-tarling-chrono-de-2e-etape-roglic-en-rose-87777.html\" target=\"_blank\" rel=\"nofollow noopener\">Joshua Tarling<\/a><\/strong>, l&rsquo;\u00e9quipe britannique met tout en oeuvre pour assurer ses prochaines ann\u00e9es. C&rsquo;est dans ce but-l\u00e0 que l&rsquo;\u00e9quipe a annonc\u00e9 la signature de <strong>Benjamin Noval <\/strong>pour la saison 2027, qui correspond \u00e0 la fin de son programme junior. A 16 ans, le fils de l&rsquo;ancien coureur&#8230; <strong>Benjamin Noval<\/strong>, pass\u00e9 notamment dans les rangs des \u00e9quipes\u00a0<strong>Astana <\/strong>ou <strong>Saxo-Tinkoff<\/strong>, a d\u00e9j\u00e0 de solides r\u00e9f\u00e9rences dans les circuits jeunes avec d\u00e9j\u00e0 13 victoires avec son \u00e9quipe\u00a0<strong>MMR Academy<\/strong>.<\/p>\n<p>Vid\u00e9o &#8211; La premi\u00e8re victoire en Grand Tour pour Josh Tarling Lire la suite de l&rsquo;article&#13;<\/p>\n<p>\u00a0<\/p>\n<p>&#13;<br \/>\n\u00ab\u00a0J&rsquo;esp\u00e8re leur rendre la pareille dans le futur\u00a0\u00bb&#13;<\/p>\n<p>\u00ab\u00a0Rejoindre INEOS Grenadiers est un r\u00eave qui devient r\u00e9alit\u00e9. C&rsquo;est une des meilleurs \u00e9quipes du monde et je suis tr\u00e8s heureux de rejoindre ses rangs pour qu&rsquo;ils puissent m&rsquo;aider \u00e0 d\u00e9velopper mes qualit\u00e9s \u00e0 leur plein potentiel. Je veux remercier l&rsquo;\u00e9quipe qui croit en moi, et j&rsquo;esp\u00e8re leur rendre la pareille dans le futur.\u00a0\u00bb L&rsquo;\u00e9quipe <strong>INEOS Grenadiers <\/strong>a annonc\u00e9 \u00ab\u00a0continuer \u00e0 travailler \u00e9troitement avec Benjamin\u00a0\u00bb afin qu&rsquo;il arrive dans les meilleures conditions possibles en 2027, \u00e0 18 ans. Egalement performant en cyclo-cross, comme en atteste sa 4e place sur les <strong>Championnats d&rsquo;Europe <\/strong>\u00e0 Pontevedra en Novembre, il offrira des opportunit\u00e9s dans les sous-bois que le d\u00e9part de <strong>Tom Pidcock <\/strong>avait largement restreints<\/p>\n","protected":false},"excerpt":{"rendered":"L&rsquo;\u00e9quipe INEOS Grenadiers a les yeux fix\u00e9s sur l&rsquo;avenir ! Avec d\u00e9j\u00e0 des jeunes coureurs prometteurs dans leurs&hellip;\n","protected":false},"author":2,"featured_media":206538,"comment_status":"","ping_status":"","sticky":false,"template":"","format":"standard","meta":{"footnotes":""},"categories":[1411],"tags":[1154,207,211,1011,27,209,60,210,10662,212,208,213],"class_list":{"0":"post-206537","1":"post","2":"type-post","3":"status-publish","4":"format-standard","5":"has-post-thumbnail","7":"category-cyclisme","8":"tag-cycling","9":"tag-cyclisme","10":"tag-ffc","11":"tag-fr","12":"tag-france","13":"tag-route","14":"tag-sports","15":"tag-tour-de-france","16":"tag-transferts","17":"tag-uci","18":"tag-velo","19":"tag-world-tour"},"share_on_mastodon":{"url":"https:\/\/pubeurope.com\/@fr\/114751297563139929","error":""},"_links":{"self":[{"href":"https:\/\/www.europesays.com\/fr\/wp-json\/wp\/v2\/posts\/206537","targetHints":{"allow":["GET"]}}],"collection":[{"href":"https:\/\/www.europesays.com\/fr\/wp-json\/wp\/v2\/posts"}],"about":[{"href":"https:\/\/www.europesays.com\/fr\/wp-json\/wp\/v2\/types\/post"}],"author":[{"embeddable":true,"href":"https:\/\/www.europesays.com\/fr\/wp-json\/wp\/v2\/users\/2"}],"replies":[{"embeddable":true,"href":"https:\/\/www.europesays.com\/fr\/wp-json\/wp\/v2\/comments?post=206537"}],"version-history":[{"count":0,"href":"https:\/\/www.europesays.com\/fr\/wp-json\/wp\/v2\/posts\/206537\/revisions"}],"wp:featuredmedia":[{"embeddable":true,"href":"https:\/\/www.europesays.com\/fr\/wp-json\/wp\/v2\/media\/206538"}],"wp:attachment":[{"href":"https:\/\/www.europesays.com\/fr\/wp-json\/wp\/v2\/media?parent=206537"}],"wp:term":[{"taxonomy":"category","embeddable":true,"href":"https:\/\/www.europesays.com\/fr\/wp-json\/wp\/v2\/categories?post=206537"},{"taxonomy":"post_tag","embeddable":true,"href":"https:\/\/www.europesays.com\/fr\/wp-json\/wp\/v2\/tags?post=206537"}],"curies":[{"name":"wp","href":"https:\/\/api.w.org\/{rel}","templated":true}]}}