{"id":206541,"date":"2025-06-26T19:24:10","date_gmt":"2025-06-26T19:24:10","guid":{"rendered":"https:\/\/www.europesays.com\/fr\/206541\/"},"modified":"2025-06-26T19:24:10","modified_gmt":"2025-06-26T19:24:10","slug":"je-ne-peux-plus-chanter-terrible-nouvelle-pour-chantal-goya-elle-lance-un-appel-a-laide","status":"publish","type":"post","link":"https:\/\/www.europesays.com\/fr\/206541\/","title":{"rendered":"\u00ab\u00a0Je ne peux plus chanter\u00a0\u00bb : terrible nouvelle pour Chantal Goya, elle lance un appel \u00e0 l&rsquo;aide"},"content":{"rendered":"<p>Serait-ce la fin de \u00ab\u00a0<strong>Pandi-Panda<\/strong>\u00a0\u00bb ? Le c\u00e9l\u00e8bre titre de <a href=\"https:\/\/www.public.fr\/embrasser-des-garcons-et-etre-a-poil-chantal-goya-balance-sur-ses-mauvais-souvenirs-en-tant-que-comedienne\" target=\"_blank\" rel=\"noopener\">Chantal Goya <\/a>sorti en 1985 pourrait bien ne plus \u00eatre chant\u00e9 par son interpr\u00e8te. C\u2019est en tout cas ce qu\u2019a fait savoir la principale int\u00e9ress\u00e9e en annon\u00e7ant une mauvaise nouvelle \u00e0 sa communaut\u00e9.<\/p>\n<p><a href=\"https:\/\/www.public.fr\/chantal-goya-fragilisee-ses-problemes-dequilibre-sement-linquietude\" target=\"_blank\" rel=\"noopener\">La compagne de Jean-Jacques Debout<\/a> a pris la parole, ce mercredi 25 juin 2025 sur son compte TikTok pour lancer un appel \u00e0 l\u2019aide. La c\u00e9l\u00e8bre peluche du panda, utilis\u00e9 pour l\u2019interpr\u00e9tation de <strong>\u00ab\u00a0Pandi-Panda\u00a0\u00bb<\/strong>, <strong>aurait disparu.<\/strong><\/p>\n<p>Le costume de Pandi-Panda a disparu, Chantal Goya dans l&#8217;embarras<\/p>\n<p>Nos confr\u00e8res du Parisien rappellent que le costume a vu le jour en 1984, cr\u00e9\u00e9 par <a href=\"https:\/\/vsd.fr\/62553-chantal-goya-desamparee-apres-sa-grosse-cnnerie-envers-vianney\/\" target=\"_blank\" rel=\"noopener\">Chantal Goya<\/a> elle-m\u00eame, et son compagnon Jean-Jacques Debout. Selon les dires de la chanteuse, la c\u00e9l\u00e8bre peluche aurait disparu en avril dernier, lorsqu\u2019elle donnait un concert pr\u00e8s de Mulhouse dans le Haut-Rhin.<\/p>\n<p>Et visiblement, cette disparition touche \u00e9norm\u00e9ment la chanteuse de 83 ans. De fait, elle a d\u00e9cid\u00e9 de prendre la parole et lancer un appel \u00e0 l\u2019aide sur son compte TikTok. <strong>\u00ab\u00a0Qu\u2019il revienne \u00e0 la maison, aidez-nous \u00e0 le retrouver\u00a0\u00bb,<\/strong> demande-t-elle \u00e0 sa communaut\u00e9.<\/p>\n<p>Et mieux vaut pour ses fans que la peluche r\u00e9apparaisse. Dans le cas contraire, le titre <strong>\u00ab\u00a0Pandi-Panda\u00a0\u00bb<\/strong> ne serait plus chant\u00e9 \u00e0 en croire les r\u00e9v\u00e9lations de Chantal Goya : \u00ab\u00a0<strong>Je ne peux plus chanter Pandi Panda<\/strong>, vous savez pourquoi ? Parce que quand j\u2019ai chant\u00e9 pour mon dernier gala de ma tourn\u00e9e, \u00e0 Sausheim, pr\u00e8s de Mulhouse, quelqu\u2019un me l\u2019a pris, il a disparu. Et \u00e7a m\u2019a fait beaucoup de peine\u00a0\u00bb.<\/p>\n<blockquote class=\"tiktok-embed\" cite=\"https:\/\/www.tiktok.com\/@chantalgoyaofficiel\/video\/7519645653329349910\" data-video-id=\"7519645653329349910\" data-embed-from=\"oembed\" style=\"max-width:605px; min-width:325px;\"><p>  <a target=\"_blank\" title=\"@chantalgoyaofficiel\" href=\"https:\/\/www.tiktok.com\/@chantalgoyaofficiel?refer=embed\" rel=\"noopener\">@chantalgoyaofficiel<\/a> <\/p>\n<p>Mes petits amis, notre Pandi Panda \ud83d\udc3c nous manque \u00e0 tous.  Aidez &#8211; moi \u00e0 le retrouver tr\u00e8s vite pour tous les enfants de France, de Belgique, du Liban, et tous ceux qui l\u2019aiment comme moi.  Je vous embrasse.  Chantal \ud83d\udc95<\/p>\n<p> <a target=\"_blank\" title=\"\u266c son original - Chantal Goya\" href=\"https:\/\/www.tiktok.com\/music\/son-original-7519645682686511894?refer=embed\" rel=\"noopener\">\u266c son original &#8211; Chantal Goya<\/a>  <\/p><\/blockquote>\n<p>Une peluche historique pour la chanteuse et ses fans<\/p>\n<p>\u00ab\u00a0Maintenant qu&rsquo;il n&rsquo;est plus l\u00e0, j&rsquo;aimerais bien qu&rsquo;on me le rende quand m\u00eame, on n&rsquo;a pas le droit de le garder. Au nom de tous les enfants de France de Belgique, de partout, il faut qu&rsquo;on me le rende, qu&rsquo;il revienne \u00e0 la maison. On va le chercher, tiens, j&rsquo;ai une id\u00e9e, il faut le chercher absolument\u00a0\u00bb, a poursuivi la compagne de Jean-Jacques Debout pour motiver ses fans.\u00a0<\/p>\n<p>Et si cette disparition la touche autant, c\u2019est parce que le costume a \u00e9t\u00e9 con\u00e7u par la chanteuse et son mari il y a plusieurs ann\u00e9es. Mais aussi, parce que le titre suscite toujours autant d\u2019\u00e9motion et d\u2019engouement.\u00a0<\/p>\n<p>\u00ab\u00a0Pandi Panda provoque toujours une standing ovation\u00a0\u00bb, se f\u00e9licitait par exemple Chantal Goya dans un entretien pour le Dauphin\u00e9 Lib\u00e9r\u00e9. De plus, elle assurait que ce personnage avait un r\u00f4le p\u00e9dagogique aupr\u00e8s des plus jeunes : \u00ab\u00a0J\u2019aime faire passer quelques messages aux enfants, j\u2019explique qu\u2019en prot\u00e9geant le panda. On prot\u00e8ge la plan\u00e8te et que ce sont eux, les adultes de demain, qui doivent agir pour qu\u2019on respire mieux\u00a0\u00bb.<\/p>\n<p>      Mentionn\u00e9s dans cet article<\/p>\n<p>\u00c0 lire aussi<\/p>\n<p><script async src=\"\/\/www.tiktok.com\/embed.js\"><\/script><\/p>\n","protected":false},"excerpt":{"rendered":"Serait-ce la fin de \u00ab\u00a0Pandi-Panda\u00a0\u00bb ? Le c\u00e9l\u00e8bre titre de Chantal Goya sorti en 1985 pourrait bien ne&hellip;\n","protected":false},"author":2,"featured_media":206542,"comment_status":"","ping_status":"","sticky":false,"template":"","format":"standard","meta":{"footnotes":""},"categories":[1359],"tags":[14397,1697,17148,58,59,1011,27,14398,973],"class_list":{"0":"post-206541","1":"post","2":"type-post","3":"status-publish","4":"format-standard","5":"has-post-thumbnail","7":"category-people","8":"tag-chantal-goya","9":"tag-concert","10":"tag-costume","11":"tag-divertissement","12":"tag-entertainment","13":"tag-fr","14":"tag-france","15":"tag-jean-jacques-debout","16":"tag-people"},"share_on_mastodon":{"url":"https:\/\/pubeurope.com\/@fr\/114751305345699910","error":""},"_links":{"self":[{"href":"https:\/\/www.europesays.com\/fr\/wp-json\/wp\/v2\/posts\/206541","targetHints":{"allow":["GET"]}}],"collection":[{"href":"https:\/\/www.europesays.com\/fr\/wp-json\/wp\/v2\/posts"}],"about":[{"href":"https:\/\/www.europesays.com\/fr\/wp-json\/wp\/v2\/types\/post"}],"author":[{"embeddable":true,"href":"https:\/\/www.europesays.com\/fr\/wp-json\/wp\/v2\/users\/2"}],"replies":[{"embeddable":true,"href":"https:\/\/www.europesays.com\/fr\/wp-json\/wp\/v2\/comments?post=206541"}],"version-history":[{"count":0,"href":"https:\/\/www.europesays.com\/fr\/wp-json\/wp\/v2\/posts\/206541\/revisions"}],"wp:featuredmedia":[{"embeddable":true,"href":"https:\/\/www.europesays.com\/fr\/wp-json\/wp\/v2\/media\/206542"}],"wp:attachment":[{"href":"https:\/\/www.europesays.com\/fr\/wp-json\/wp\/v2\/media?parent=206541"}],"wp:term":[{"taxonomy":"category","embeddable":true,"href":"https:\/\/www.europesays.com\/fr\/wp-json\/wp\/v2\/categories?post=206541"},{"taxonomy":"post_tag","embeddable":true,"href":"https:\/\/www.europesays.com\/fr\/wp-json\/wp\/v2\/tags?post=206541"}],"curies":[{"name":"wp","href":"https:\/\/api.w.org\/{rel}","templated":true}]}}