{"id":206543,"date":"2025-06-26T19:25:25","date_gmt":"2025-06-26T19:25:25","guid":{"rendered":"https:\/\/www.europesays.com\/fr\/206543\/"},"modified":"2025-06-26T19:25:25","modified_gmt":"2025-06-26T19:25:25","slug":"millau-vernissage-haut-en-couleur-pour-les-ateliers-dessin-et-peinture-de-la-mjc","status":"publish","type":"post","link":"https:\/\/www.europesays.com\/fr\/206543\/","title":{"rendered":"Millau. Vernissage haut en couleur pour les ateliers dessin et peinture de la MJC"},"content":{"rendered":"<p>Mercredi 25 juin a eu lieu le vernissage de l\u2019exposition des Ateliers Dessin\/Peinture de la MJC, un \u00e9v\u00e8nement qui couronne le travail amateur de toute une ann\u00e9e sous le regard bienveillant de la professeure d\u2019art plastique Ana\u00efs Picamoles. <\/p>\n<p>Dans le hall qui d\u00e9borde d\u2019\u0153uvres en tout genre, <strong>Jean-Luc Gravellier<\/strong>, fra\u00eechement \u00e9lu au conseil d\u2019administration de la MJC, a accueilli les artistes et les visiteurs. \u00ab Ce Cr\u00e9a et cette MJC, je les connais depuis longtemps, pour les avoir fr\u00e9quent\u00e9s avec mes enfants et avoir \u00e9t\u00e9 \u00e9l\u00e8ve au conservatoire de musique, a d\u00e9clar\u00e9 le nouvel administrateur. Malgr\u00e9 tout, je suis quand m\u00eame \u00e9pat\u00e9 de d\u00e9couvrir tous les rouages de la MJC et je suis fascin\u00e9 par la multitude d\u2019activit\u00e9s propos\u00e9es en plus de la gestion de ce gros navire que constitue le Cr\u00e9a. Adh\u00e9rents, b\u00e9n\u00e9voles\u2026 vous pouvez compter sur moi pour soutenir la MJC, formidable point de rencontre local pour plus de 2 000 adh\u00e9rents, un v\u00e9ritable melting-pot qui rassemble, un lieu de d\u00e9mocratie au service d\u2019une \u00e9ducation solidaire, populaire \u00bb. <\/p>\n<p><img loading=\"lazy\" decoding=\"async\" width=\"1024\" height=\"662\" src=\"https:\/\/www.europesays.com\/fr\/wp-content\/uploads\/2025\/06\/millau-mjc-exposition-atelier-dessin-juin-2025-15-1024x662.webp.webp\" alt=\"\" class=\"wp-image-165697\"\/>\u00a9 Millavois.com<\/p>\n<p>Apr\u00e8s cette d\u00e9claration d\u2019investiture, c\u2019est avec sa deuxi\u00e8me casquette d\u2019\u00e9l\u00e8ve du cours de dessin d\u2019<strong>Ana\u00efs Picamoles<\/strong> qu\u2019il a poursuivi son intervention : \u00ab Depuis trois ans, je me r\u00e9gale d\u2019apprendre avec sa bienveillance, les diff\u00e9rentes techniques du dessin. On commence par un crayon, puis on passe au fusain, aux pastels secs, gras, puis \u00e0 l\u2019acrylique et enfin \u00e0 l\u2019aquarelle. On se d\u00e9couvre dans certaines pratiques et on retrouve tout un groupe d\u2019\u00e9l\u00e8ves de tous \u00e2ges et de toutes conditions. On admire les progr\u00e8s que chacun r\u00e9alise, comme en t\u00e9moigne l\u2019exposition de ce soir et on finit par trouver le vecteur qui nous inspire pour dessiner \u00bb a-t-il confi\u00e9. \u00c0 elle seule, cette phrase pourrait r\u00e9sumer toute l\u2019exposition. Des couleurs vives, des univers qui se c\u00f4toient et se respectent, tous directement inspir\u00e9s des grands mouvements artistiques et de leurs illustres repr\u00e9sentants auxquels chacun a ajout\u00e9 son coup de pinceau le plus intime.<\/p>\n<p>Avec une \u00e9motion non dissimul\u00e9e, Ana\u00efs Picamoles qui impulse cette dynamique artistique dans les murs de la MJC s\u2019est d\u00e9clar\u00e9e \u00ab toujours autant d\u00e9bord\u00e9e par les nombreuses \u0153uvres \u00e0 mettre en sc\u00e8ne jusqu\u2019\u00e0 la derni\u00e8re minute pur pr\u00e9parer l\u2019exposition, mais ravie et tr\u00e8s fi\u00e8re \u00bb. \u00ab Je me souviens que certains d\u00e9sesp\u00e9raient et n\u2019avaient pas confiance en eux, pourtant aujourd\u2019hui le travail est bien l\u00e0 ! \u00bb a-t-elle soulign\u00e9. Un travail que le public a parfois du mal \u00e0 consid\u00e9rer comme une pratique amateur tant la qualit\u00e9 est au rendez-vous. <\/p>\n<p>Avant de clore cette saison autour du pot de l\u2019amiti\u00e9, elle a tenu \u00e0 avoir une pens\u00e9e particuli\u00e8re pour <strong>Anne-Marie Ardourel <\/strong>fid\u00e8le du cours, r\u00e9cemment d\u00e9c\u00e9d\u00e9e et dont la derni\u00e8re \u0153uvre fait partie de l\u2019exposition, ainsi que pour tous ceux qui ont un temps approch\u00e9 l\u2019atelier \u00ab et qui ont beaucoup \u0153uvr\u00e9 pour la Maison des jeunes de la ville \u00bb, a insist\u00e9 Herv\u00e9 Marcillac, en citant entre autres, <strong>Roger Ardourel<\/strong>, <strong>Jacques Cohen<\/strong>, <strong>Simone Cassan<\/strong>\u2026 \u00ab des hommes et des femmes b\u00e9n\u00e9voles et salari\u00e9s, gr\u00e2ce \u00e0 qui, la structure peut proposer \u00e0 ce jour, 590 heures d\u2019activit\u00e9s diff\u00e9rentes chaque semaine. Merci \u00e0 tous pour votre travail et votre implication, toute cette \u00e9quipe est \u00e0 votre service pour que vous puissiez vous \u00e9panouir et faire \u00e9clore la petite fleur qui est au fond de chacun d\u2019entre vous \u00bb, a conclu le directeur.<\/p>\n<p>Les tableaux des 80 \u00e9l\u00e8ves du cours de dessin sont \u00e0 d\u00e9couvrir dans le hall du Cr\u00e9a et dans l\u2019espace d\u2019exposition, en visite libre et gratuite jusqu\u2019au 19 juillet. N\u2019h\u00e9sitez pas \u00e0 pousser la grande porte du Cr\u00e9a pour vous laisser surprendre.<\/p>\n<p><img loading=\"lazy\" decoding=\"async\" width=\"1024\" height=\"576\" data-id=\"165696\" src=\"https:\/\/www.europesays.com\/fr\/wp-content\/uploads\/2025\/06\/millau-mjc-exposition-atelier-dessin-juin-2025-01-1024x576.webp.webp\" alt=\"\" class=\"wp-image-165696\"\/>\u00a9 Millavois.com<\/p>\n<p><img loading=\"lazy\" decoding=\"async\" width=\"1024\" height=\"771\" data-id=\"165687\" src=\"https:\/\/www.europesays.com\/fr\/wp-content\/uploads\/2025\/06\/millau-mjc-exposition-atelier-dessin-juin-2025-10-1024x771.webp.webp\" alt=\"\" class=\"wp-image-165687\"\/>\u00a9 Millavois.com<\/p>\n<p><img loading=\"lazy\" decoding=\"async\" width=\"1024\" height=\"576\" data-id=\"165695\" src=\"https:\/\/www.europesays.com\/fr\/wp-content\/uploads\/2025\/06\/millau-mjc-exposition-atelier-dessin-juin-2025-02-1024x576.webp.webp\" alt=\"\" class=\"wp-image-165695\"\/>\u00a9 Millavois.com<\/p>\n<p><img loading=\"lazy\" decoding=\"async\" width=\"1024\" height=\"771\" data-id=\"165686\" src=\"https:\/\/www.europesays.com\/fr\/wp-content\/uploads\/2025\/06\/millau-mjc-exposition-atelier-dessin-juin-2025-11-1024x771.webp.webp\" alt=\"\" class=\"wp-image-165686\"\/>\u00a9 Millavois.com<\/p>\n<p><img loading=\"lazy\" decoding=\"async\" width=\"1024\" height=\"771\" data-id=\"165685\" src=\"https:\/\/www.europesays.com\/fr\/wp-content\/uploads\/2025\/06\/millau-mjc-exposition-atelier-dessin-juin-2025-12-1024x771.webp.webp\" alt=\"\" class=\"wp-image-165685\"\/>\u00a9 Millavois.com<\/p>\n<p><img loading=\"lazy\" decoding=\"async\" width=\"1024\" height=\"771\" data-id=\"165684\" src=\"https:\/\/www.europesays.com\/fr\/wp-content\/uploads\/2025\/06\/millau-mjc-exposition-atelier-dessin-juin-2025-13-1024x771.webp.webp\" alt=\"\" class=\"wp-image-165684\"\/>\u00a9 Millavois.com<\/p>\n<p><img loading=\"lazy\" decoding=\"async\" width=\"1024\" height=\"771\" data-id=\"165692\" src=\"https:\/\/www.europesays.com\/fr\/wp-content\/uploads\/2025\/06\/millau-mjc-exposition-atelier-dessin-juin-2025-05-1024x771.webp.webp\" alt=\"\" class=\"wp-image-165692\"\/>\u00a9 Millavois.com<\/p>\n<p><img loading=\"lazy\" decoding=\"async\" width=\"1024\" height=\"771\" data-id=\"165691\" src=\"https:\/\/www.europesays.com\/fr\/wp-content\/uploads\/2025\/06\/millau-mjc-exposition-atelier-dessin-juin-2025-06-1024x771.webp.webp\" alt=\"\" class=\"wp-image-165691\"\/>\u00a9 Millavois.com<\/p>\n<p><img loading=\"lazy\" decoding=\"async\" width=\"1024\" height=\"771\" data-id=\"165690\" src=\"https:\/\/www.europesays.com\/fr\/wp-content\/uploads\/2025\/06\/millau-mjc-exposition-atelier-dessin-juin-2025-07-1024x771.webp.webp\" alt=\"\" class=\"wp-image-165690\"\/>\u00a9 Millavois.com<\/p>\n<p><img loading=\"lazy\" decoding=\"async\" width=\"1024\" height=\"771\" data-id=\"165689\" src=\"https:\/\/www.europesays.com\/fr\/wp-content\/uploads\/2025\/06\/millau-mjc-exposition-atelier-dessin-juin-2025-08-1024x771.webp.webp\" alt=\"\" class=\"wp-image-165689\"\/>\u00a9 Millavois.com<\/p>\n<p><img loading=\"lazy\" decoding=\"async\" width=\"1024\" height=\"771\" data-id=\"165688\" src=\"https:\/\/www.europesays.com\/fr\/wp-content\/uploads\/2025\/06\/millau-mjc-exposition-atelier-dessin-juin-2025-09-1024x771.webp.webp\" alt=\"\" class=\"wp-image-165688\"\/>\u00a9 Millavois.com<\/p>\n<p><img loading=\"lazy\" decoding=\"async\" width=\"771\" height=\"1024\" data-id=\"165683\" src=\"https:\/\/www.europesays.com\/fr\/wp-content\/uploads\/2025\/06\/millau-mjc-exposition-atelier-dessin-juin-2025-14-771x1024.webp.webp\" alt=\"\" class=\"wp-image-165683\"\/>\u00a9 Millavois.com<\/p>\n","protected":false},"excerpt":{"rendered":"Mercredi 25 juin a eu lieu le vernissage de l\u2019exposition des Ateliers Dessin\/Peinture de la MJC, un \u00e9v\u00e8nement&hellip;\n","protected":false},"author":2,"featured_media":206544,"comment_status":"","ping_status":"","sticky":false,"template":"","format":"standard","meta":{"footnotes":""},"categories":[1358],"tags":[34520,1348,1384,1385,1386,58,59,1011,27,34521,6209,27116,96],"class_list":{"0":"post-206543","1":"post","2":"type-post","3":"status-publish","4":"format-standard","5":"has-post-thumbnail","7":"category-arts-et-design","8":"tag-anais-picamoles","9":"tag-arts","10":"tag-arts-and-design","11":"tag-arts-et-design","12":"tag-design","13":"tag-divertissement","14":"tag-entertainment","15":"tag-fr","16":"tag-france","17":"tag-jean-luc-gravellier","18":"tag-millau","19":"tag-mjc","20":"tag-une"},"share_on_mastodon":{"url":"https:\/\/pubeurope.com\/@fr\/114751309717915516","error":""},"_links":{"self":[{"href":"https:\/\/www.europesays.com\/fr\/wp-json\/wp\/v2\/posts\/206543","targetHints":{"allow":["GET"]}}],"collection":[{"href":"https:\/\/www.europesays.com\/fr\/wp-json\/wp\/v2\/posts"}],"about":[{"href":"https:\/\/www.europesays.com\/fr\/wp-json\/wp\/v2\/types\/post"}],"author":[{"embeddable":true,"href":"https:\/\/www.europesays.com\/fr\/wp-json\/wp\/v2\/users\/2"}],"replies":[{"embeddable":true,"href":"https:\/\/www.europesays.com\/fr\/wp-json\/wp\/v2\/comments?post=206543"}],"version-history":[{"count":0,"href":"https:\/\/www.europesays.com\/fr\/wp-json\/wp\/v2\/posts\/206543\/revisions"}],"wp:featuredmedia":[{"embeddable":true,"href":"https:\/\/www.europesays.com\/fr\/wp-json\/wp\/v2\/media\/206544"}],"wp:attachment":[{"href":"https:\/\/www.europesays.com\/fr\/wp-json\/wp\/v2\/media?parent=206543"}],"wp:term":[{"taxonomy":"category","embeddable":true,"href":"https:\/\/www.europesays.com\/fr\/wp-json\/wp\/v2\/categories?post=206543"},{"taxonomy":"post_tag","embeddable":true,"href":"https:\/\/www.europesays.com\/fr\/wp-json\/wp\/v2\/tags?post=206543"}],"curies":[{"name":"wp","href":"https:\/\/api.w.org\/{rel}","templated":true}]}}