{"id":206545,"date":"2025-06-26T19:26:09","date_gmt":"2025-06-26T19:26:09","guid":{"rendered":"https:\/\/www.europesays.com\/fr\/206545\/"},"modified":"2025-06-26T19:26:09","modified_gmt":"2025-06-26T19:26:09","slug":"avec-une-fratrie-brigitte-reimann-propose-une-tragicomedie-familiale-entre-les-deux-allemagnes","status":"publish","type":"post","link":"https:\/\/www.europesays.com\/fr\/206545\/","title":{"rendered":"Avec \u00abUne Fratrie\u00bb, Brigitte Reimann propose une tragicom\u00e9die familiale entre les deux Allemagnes"},"content":{"rendered":"<p>    Publi\u00e9 le 26 juin 2025 \u00e0 21:22.<\/p>\n<p> 1 min. de lecture<\/p>\n<p>Dans l\u2019Allemagne de l\u2019Est, juste avant l\u2019\u00e9dification du Mur, une jeune peintre est charg\u00e9e d\u2019ouvrir \u00e0 l\u2019art les ouvriers d\u2019un \u00abcombinat\u00bb industriel. Si Elisabeth, alter ego de l\u2019auteure, croit \u00e0 l\u2019id\u00e9al communiste, le socialisme r\u00e9ellement existant la d\u00e9\u00e7oit trop souvent. Son fr\u00e8re Uli partage ses convictions. Mais cet ing\u00e9nieur brillant enrage de voir sa carri\u00e8re scientifique frein\u00e9e par le pouvoir de fonctionnaires aigris. Konrad, l\u2019a\u00een\u00e9 de la fratrie, est parti faire fortune \u00e0 Hambourg. La m\u00e8re souffre de voir ses enfants d\u00e9sunis et s\u00e9par\u00e9s. Elisabeth est prise entre son affection d\u00e9bordante pour Uli et une liaison h\u00e9sitante avec un ami d\u2019enfance d\u2019Uli, Joachim. Celui-ci a sa carte du parti et manifeste une fid\u00e9lit\u00e9 \u00e0 toute \u00e9preuve au syst\u00e8me. Une Fratrie se d\u00e9roule pendant les quelques jours o\u00f9 la s\u0153ur tente de dissuader le fr\u00e8re de trahir et surtout de l\u2019abandonner, elle. Jusqu\u2019o\u00f9 ira-t-elle pour le retenir? Il faut attendre les derni\u00e8res pages de ce drame familial pour le savoir.<\/p>\n<p>Un t\u00e9moignage de premi\u00e8re main<\/p>\n","protected":false},"excerpt":{"rendered":"Publi\u00e9 le 26 juin 2025 \u00e0 21:22. 1 min. de lecture Dans l\u2019Allemagne de l\u2019Est, juste avant l\u2019\u00e9dification&hellip;\n","protected":false},"author":2,"featured_media":206546,"comment_status":"","ping_status":"","sticky":false,"template":"","format":"standard","meta":{"footnotes":""},"categories":[1357],"tags":[1379,58,59,1011,27,1380,301],"class_list":{"0":"post-206545","1":"post","2":"type-post","3":"status-publish","4":"format-standard","5":"has-post-thumbnail","7":"category-livres","8":"tag-books","9":"tag-divertissement","10":"tag-entertainment","11":"tag-fr","12":"tag-france","13":"tag-livres","14":"tag-premium"},"share_on_mastodon":{"url":"https:\/\/pubeurope.com\/@fr\/114751313268300606","error":""},"_links":{"self":[{"href":"https:\/\/www.europesays.com\/fr\/wp-json\/wp\/v2\/posts\/206545","targetHints":{"allow":["GET"]}}],"collection":[{"href":"https:\/\/www.europesays.com\/fr\/wp-json\/wp\/v2\/posts"}],"about":[{"href":"https:\/\/www.europesays.com\/fr\/wp-json\/wp\/v2\/types\/post"}],"author":[{"embeddable":true,"href":"https:\/\/www.europesays.com\/fr\/wp-json\/wp\/v2\/users\/2"}],"replies":[{"embeddable":true,"href":"https:\/\/www.europesays.com\/fr\/wp-json\/wp\/v2\/comments?post=206545"}],"version-history":[{"count":0,"href":"https:\/\/www.europesays.com\/fr\/wp-json\/wp\/v2\/posts\/206545\/revisions"}],"wp:featuredmedia":[{"embeddable":true,"href":"https:\/\/www.europesays.com\/fr\/wp-json\/wp\/v2\/media\/206546"}],"wp:attachment":[{"href":"https:\/\/www.europesays.com\/fr\/wp-json\/wp\/v2\/media?parent=206545"}],"wp:term":[{"taxonomy":"category","embeddable":true,"href":"https:\/\/www.europesays.com\/fr\/wp-json\/wp\/v2\/categories?post=206545"},{"taxonomy":"post_tag","embeddable":true,"href":"https:\/\/www.europesays.com\/fr\/wp-json\/wp\/v2\/tags?post=206545"}],"curies":[{"name":"wp","href":"https:\/\/api.w.org\/{rel}","templated":true}]}}