{"id":206547,"date":"2025-06-26T19:27:23","date_gmt":"2025-06-26T19:27:23","guid":{"rendered":"https:\/\/www.europesays.com\/fr\/206547\/"},"modified":"2025-06-26T19:27:23","modified_gmt":"2025-06-26T19:27:23","slug":"gloria-est-placee-en-garde-a-vue-adam-se-denonce-pour-le-meurtre-de-martial-le-resume-de-lepisode-1975-du-vendredi-27-juin-2025","status":"publish","type":"post","link":"https:\/\/www.europesays.com\/fr\/206547\/","title":{"rendered":"Gloria est plac\u00e9e en garde \u00e0 vue, Adam se d\u00e9nonce pour le meurtre de Martial ! Le r\u00e9sum\u00e9 de l&rsquo;\u00e9pisode 1975 du vendredi 27 juin 2025"},"content":{"rendered":"<p><b>Vendredi 27 juin 2025 dans <\/b><a href=\"https:\/\/www.programme-tv.net\/programme\/series-tv\/r1549293395-demain-nous-appartient\/\" target=\"_blank\" rel=\"noopener\"><b>Demain nous appartient<\/b><\/a><b> <\/b>qui va <a href=\"https:\/\/www.programme-tv.net\/news\/series-tv\/381212-exclu-demain-nous-appartient-apres-laetitia-milot-et-dounia-coesens-une-star-historique-de-plus-belle-la-vie-rejoint-la-serie-de-tf1\/\" data-api-deeplink=\"teleloisirs:\/\/news\/381212\" target=\"_blank\" rel=\"noopener\">accueillir Ambroise Michel<\/a>, <a href=\"https:\/\/www.programme-tv.net\/news\/series-tv\/381213-exclu-demain-nous-appartient-une-actrice-d-un-si-grand-soleil-rejoint-le-feuilleton-de-tf1-pour-jouer-la-nouvelle-proviseure\/\" data-api-deeplink=\"teleloisirs:\/\/news\/381213\" target=\"_blank\" rel=\"noopener\">Shirley Bousquet venue d&rsquo;Un si grand soleil<\/a> et <a href=\"https:\/\/www.programme-tv.net\/news\/series-tv\/381247-exclu-demain-nous-appartient-le-fils-de-laurent-baffie-rejoint-la-serie-de-tf1-decouvrez-son-role\/\" data-api-deeplink=\"teleloisirs:\/\/news\/381247\" target=\"_blank\" rel=\"noopener\">Benjamin Baffie, le fils de Laurent Baffie<\/a>&#8230; Dans une chambre d&rsquo;h\u00f4tel, alors que Gloria tente de calmer Adam &#8211; persuad\u00e9 d\u2019avoir peut-\u00eatre tu\u00e9 Martial apr\u00e8s l&rsquo;avoir frapp\u00e9 &#8211; Micha\u00ebl les interrompt pour proc\u00e9der \u00e0 l\u2019arrestation de cette derni\u00e8re. Pendant ce temps, dans les rues de S\u00e8te, Fran\u00e7ois n&rsquo;arr\u00eate pas de penser \u00e0 Soizic et Martial. En voiture, il manque d&rsquo;\u00e9craser M\u00e9lody qui lui demande des nouvelles. Il lui ment en affirmant \u00eatre certain que sa compagne ne l&rsquo;a pas tromp\u00e9.<\/p>\n<p><b>Demain nous appartient <\/b><b>en avance : Gloria en garde \u00e0 vue, Adam se d\u00e9nonce<\/b><\/p>\n<p>Au commissariat, Gloria passe aux aveux partiels : elle reconna\u00eet avoir voulu humilier Martial en l\u2019attachant \u00e0 son propre lit, mais nie fermement l\u2019avoir tu\u00e9. Aurore, perplexe, peine \u00e0 \u00e9valuer la sinc\u00e9rit\u00e9 de cette confession. De son c\u00f4t\u00e9, Adam reste hant\u00e9 par le doute : aurait-il pu commettre l\u2019irr\u00e9parable ? Il se confie \u00e0 Victoire, ce qui attire l\u2019attention de Soizic.<br \/>Aurore et Martin m\u00e8nent l\u2019enqu\u00eate. Bien que Gloria semble impliqu\u00e9e, d&rsquo;autres pistes sont \u00e0 envisager. Par mesure de pr\u00e9caution, ils la placent en garde \u00e0 vue. De retour chez lui, Fran\u00e7ois confronte Soizic. Ce dernier reste ind\u00e9cis sur leur avenir, et profond\u00e9ment bless\u00e9 par ce qu\u2019elle lui a fait.<br \/>Martin d\u00e9barque chez les Lehaut. Adam les a appel\u00e9s pour se d\u00e9noncer, laissant ses proches &#8211; Alain, Soizic et Fran\u00e7ois &#8211; totalement boulevers\u00e9s par cette d\u00e9cision inattendue.<\/p>\n<p>                        <b>Demain nous appartient <\/b><b>en avance : Aurore et William sont les propri\u00e9taires du <\/b>jeu de cartes du Kamasutra<\/p>\n<p>\u00c0 la villa, Victoire avoue \u00e0 Soraya et Gabriel avoir laiss\u00e9 le jeu de cartes du Kamasutra sur leur lit mais ils n&rsquo;avaient rien command\u00e9. Soraya, Gabriel, Aaron et Victoire s\u2019interrogent donc sur son origine. Soraya pense \u00e0 Fred mais ce n&rsquo;est pas lui. Ils en concluent qu\u2019il \u00e9tait destin\u00e9 \u00e0 Nordine, qui d\u00e9ment formellement. Plus tard, Manon et Nordine, intrigu\u00e9s, se laissent aller \u00e0 tester les cartes en salle de repos et se font surprendre par Roxane. Le couple d\u00e9couvre finalement que le jeu \u00e9tait destin\u00e9 \u00e0 Aurore et William.<\/p>\n<p><b>Demain nous appartient <\/b><b>en avance : Kevin travaille au mas<\/b><\/p>\n<p>Au Spoon, Benny confie \u00e0 Chlo\u00e9 son inqui\u00e9tude au sujet de son fr\u00e8re Kevin, fra\u00eechement sorti de d\u00e9tention. Craignant qu\u2019il ne replonge, Benny sollicite son aide. Chlo\u00e9 demande alors \u00e0 Alex d\u2019embaucher Kevin au Mas. Bruno lui met la pression. L\u2019ancien d\u00e9tenu rechigne au travail. Il invente une blessure au dos pour \u00e9viter de porter des bourriches d\u2019hu\u00eetres. Au Spoon, Benny, loin d\u2019\u00eatre dupe, le confronte : il ne tol\u00e9rera aucun \u00e9cart. Il tient \u00e0 rester en bons termes avec Chlo\u00e9, et Kevin ferait bien de s&rsquo;en souvenir.<\/p>\n","protected":false},"excerpt":{"rendered":"Vendredi 27 juin 2025 dans Demain nous appartient qui va accueillir Ambroise Michel, Shirley Bousquet venue d&rsquo;Un si&hellip;\n","protected":false},"author":2,"featured_media":206548,"comment_status":"","ping_status":"","sticky":false,"template":"","format":"standard","meta":{"footnotes":""},"categories":[1356],"tags":[244,3598,5247,58,59,1011,27,5250,5249,5248,5246,5252,252,199,5251,1364],"class_list":{"0":"post-206547","1":"post","2":"type-post","3":"status-publish","4":"format-standard","5":"has-post-thumbnail","7":"category-television","8":"tag-commentaire","9":"tag-demain-nous-appartient","10":"tag-demain-nous-appartient-en-avance","11":"tag-divertissement","12":"tag-entertainment","13":"tag-fr","14":"tag-france","15":"tag-lorie","16":"tag-mytf1-max","17":"tag-ru00e9sumu00e9-demain-nous-appartient","18":"tag-ru00e9sumu00e9-en-avance-demain-nous-appartient","19":"tag-su00e9ries-mania","20":"tag-television","21":"tag-tf1","22":"tag-tu00e9lu00e9-loisirs","23":"tag-tv"},"share_on_mastodon":{"url":"https:\/\/pubeurope.com\/@fr\/114751317214428681","error":""},"_links":{"self":[{"href":"https:\/\/www.europesays.com\/fr\/wp-json\/wp\/v2\/posts\/206547","targetHints":{"allow":["GET"]}}],"collection":[{"href":"https:\/\/www.europesays.com\/fr\/wp-json\/wp\/v2\/posts"}],"about":[{"href":"https:\/\/www.europesays.com\/fr\/wp-json\/wp\/v2\/types\/post"}],"author":[{"embeddable":true,"href":"https:\/\/www.europesays.com\/fr\/wp-json\/wp\/v2\/users\/2"}],"replies":[{"embeddable":true,"href":"https:\/\/www.europesays.com\/fr\/wp-json\/wp\/v2\/comments?post=206547"}],"version-history":[{"count":0,"href":"https:\/\/www.europesays.com\/fr\/wp-json\/wp\/v2\/posts\/206547\/revisions"}],"wp:featuredmedia":[{"embeddable":true,"href":"https:\/\/www.europesays.com\/fr\/wp-json\/wp\/v2\/media\/206548"}],"wp:attachment":[{"href":"https:\/\/www.europesays.com\/fr\/wp-json\/wp\/v2\/media?parent=206547"}],"wp:term":[{"taxonomy":"category","embeddable":true,"href":"https:\/\/www.europesays.com\/fr\/wp-json\/wp\/v2\/categories?post=206547"},{"taxonomy":"post_tag","embeddable":true,"href":"https:\/\/www.europesays.com\/fr\/wp-json\/wp\/v2\/tags?post=206547"}],"curies":[{"name":"wp","href":"https:\/\/api.w.org\/{rel}","templated":true}]}}