{"id":206549,"date":"2025-06-26T19:28:15","date_gmt":"2025-06-26T19:28:15","guid":{"rendered":"https:\/\/www.europesays.com\/fr\/206549\/"},"modified":"2025-06-26T19:28:15","modified_gmt":"2025-06-26T19:28:15","slug":"chantal-goya-ne-peut-plus-chanter-pandi-panda-et-lance-un-appel-a-laide","status":"publish","type":"post","link":"https:\/\/www.europesays.com\/fr\/206549\/","title":{"rendered":"Chantal Goya ne peut plus chanter \u00ab\u00a0Pandi-Panda\u00a0\u00bb et lance un appel \u00e0 l\u2019aide"},"content":{"rendered":"<p>        <img decoding=\"async\" loading=\"lazy\" src=\"https:\/\/www.europesays.com\/fr\/wp-content\/uploads\/2025\/06\/48ee1a2_upload-1-l78yw1s66vti-000-486f62f.jpg\"  width=\"728\" height=\"410\" alt=\"Chantal Goya chante \u00ab\u00a0Pandi-Panda\u00a0\u00bb sur sc\u00e8ne \"\/>  <\/p>\n<p>JOEL SAGET \/ AFP<\/p>\n<p>Chantal Goya chante \u00ab\u00a0Pandi-Panda\u00a0\u00bb sur sc\u00e8ne <\/p>\n<p class=\"asset asset-text\">MUSIQUE &#8211; Qui a vol\u00e9, a vol\u00e9, a vol\u00e9\u2026 le costume de Pandi-Panda\u00a0? C\u2019est la question que se pose Chantal Goya. La <a href=\"https:\/\/www.huffingtonpost.fr\/culture\/article\/sabrina-carpenter-pense-a-cette-nouvelle-regle-qui-va-faire-rager-les-fans-lors-de-ses-prochains-concerts_251499.html\" target=\"_blank\" rel=\"noopener\">chanteuse<\/a> a post\u00e9 un message sur les r\u00e9seaux sociaux pour demander \u00e0 ses fans et abonn\u00e9s de l\u2019aider. Sans quoi, elle ne pourra plus interpr\u00e9ter sur sc\u00e8ne son inoubliable tube de 1984\u00a0lors de ses prochains<a href=\"https:\/\/www.huffingtonpost.fr\/culture\/video\/beyonce-a-fait-venir-jay-z-au-stade-de-france-pour-le-dernier-concert-a-paris-du-cowboy-carter-tour_251686.html\" target=\"_blank\" rel=\"noopener\"> concerts<\/a>.<\/p>\n<p class=\"asset asset-text\">\u00ab\u00a0Pandi-Panda, petit ourson de Chine, Pandi-Panda, n\u00e9 dans l\u2019Himalaya, Pandi-Panda, tu n\u2019seras pas une victime, Pandi-Panda, on te prot\u00e9gera.\u00a0\u00bb Les paroles de Pandi-Panda, les enfants des ann\u00e9es 1980\u00a0les connaissent encore par c\u0153ur aujourd\u2019hui. Mais ils n\u2019auront plus \u2013 pour l\u2019instant \u2013 l\u2019occasion de l\u2019entonner \u00e0 l\u2019unisson avec la chanteuse de 83\u00a0ans. En cause\u00a0: le costume du personnage a disparu.<\/p>\n<p class=\"asset asset-text\">\u00ab\u00a0Je ne peux plus chanter \u201cPandi-Panda\u201d parce que quand j\u2019ai chant\u00e9 lors du dernier gala de ma tourn\u00e9e \u00e0 Sausheim quelqu\u2019un me l\u2019a pris, il a disparu\u00a0!\u00a0\u00bb, explique Chantal Goya dans une vid\u00e9o publi\u00e9e le 24\u00a0juin.<\/p>\n<p class=\"asset asset-text\">Elle ajoute vouloir r\u00e9cup\u00e9rer l\u2019accessoire pour pouvoir continuer \u00e0 interpr\u00e9ter cette chanson devant les enfants \u00ab\u00a0de France, de Belgique et du Liban\u00a0\u00bb. Le vol du costume \u00ab\u00a0m\u2019a fait beaucoup de peine [\u2026]. \u00c7a repr\u00e9sente pour les enfants un personnage qu\u2019ils aiment, qui est touchant, qui est pr\u00e8s d\u2019eux.\u00a0\u00bb<\/p>\n<p class=\"asset asset-text\">La chanteuse en appelle donc \u00e0 la bienveillance de celui ou celle qui a emprunt\u00e9 le costume. \u00ab\u00a0J\u2019aimerais bien qu\u2019on nous le rende quand m\u00eame, on n\u2019a pas le droit de le garder\u00a0! Il faut qu\u2019on nous le rende, qu\u2019il revienne \u00e0 la maison. Allez, on va le chercher\u00a0!\u00a0\u00bb<\/p>\n<p class=\"asset asset-text\">La disparition du d\u00e9guisement a attrist\u00e9 Chantal Goya, qui a post\u00e9 une photo ce jeudi 26\u00a0juin accompagn\u00e9e de la l\u00e9gende \u00ab\u00a0Tu nous manques mon Pandi-Panda\u00a0\u00bb.<\/p>\n<p> La lecture de ce contenu est susceptible d\u2019entra\u00eener un d\u00e9p\u00f4t de cookies de la part de l\u2019op\u00e9rateur tiers qui l\u2019h\u00e9berge. Compte-tenu des choix que vous avez exprim\u00e9s en mati\u00e8re de d\u00e9p\u00f4t de cookies, nous avons bloqu\u00e9 l\u2019affichage de ce contenu. Si vous souhaitez y acc\u00e9der, vous devez accepter la cat\u00e9gorie de cookies \u201cContenus tiers\u201d en cliquant sur le bouton ci-dessous. <\/p>\n<p> Lire la Vid\u00e9o        <\/p>\n<p class=\"asset asset-text\">Le titre \u00e9crit par Roger Dumas et compos\u00e9 par Jean-Jacques Debout fait le r\u00e9cit d\u2019un jeune panda oblig\u00e9 de fuir son pays pour \u00e9chapper aux chasseurs, et ainsi sensibiliser les spectateurs \u00e0 la protection des esp\u00e8ces en voie de disparition.<\/p>\n<p class=\"asset asset-text\">Pandi-Panda est tir\u00e9e de l\u2019album Snoopy-Pandi-Panda, le 8e album de Chantal Goya sorti en 1984. Elle fait partie des chansons les plus connues de la chanteuse pour enfants avec B\u00e9cassine, Un lapin, Voulez-vous danser grand-m\u00e8re ou Adieu les jolis foulards.<\/p>\n","protected":false},"excerpt":{"rendered":"JOEL SAGET \/ AFP Chantal Goya chante \u00ab\u00a0Pandi-Panda\u00a0\u00bb sur sc\u00e8ne MUSIQUE &#8211; Qui a vol\u00e9, a vol\u00e9, a&hellip;\n","protected":false},"author":2,"featured_media":206550,"comment_status":"","ping_status":"","sticky":false,"template":"","format":"standard","meta":{"footnotes":""},"categories":[1355],"tags":[2704,251,58,59,1011,27,1361,873,34522],"class_list":{"0":"post-206549","1":"post","2":"type-post","3":"status-publish","4":"format-standard","5":"has-post-thumbnail","7":"category-musique","8":"tag-chanteuse","9":"tag-culture","10":"tag-divertissement","11":"tag-entertainment","12":"tag-fr","13":"tag-france","14":"tag-music","15":"tag-musique","16":"tag-panda"},"share_on_mastodon":{"url":"https:\/\/pubeurope.com\/@fr\/114751321156538752","error":""},"_links":{"self":[{"href":"https:\/\/www.europesays.com\/fr\/wp-json\/wp\/v2\/posts\/206549","targetHints":{"allow":["GET"]}}],"collection":[{"href":"https:\/\/www.europesays.com\/fr\/wp-json\/wp\/v2\/posts"}],"about":[{"href":"https:\/\/www.europesays.com\/fr\/wp-json\/wp\/v2\/types\/post"}],"author":[{"embeddable":true,"href":"https:\/\/www.europesays.com\/fr\/wp-json\/wp\/v2\/users\/2"}],"replies":[{"embeddable":true,"href":"https:\/\/www.europesays.com\/fr\/wp-json\/wp\/v2\/comments?post=206549"}],"version-history":[{"count":0,"href":"https:\/\/www.europesays.com\/fr\/wp-json\/wp\/v2\/posts\/206549\/revisions"}],"wp:featuredmedia":[{"embeddable":true,"href":"https:\/\/www.europesays.com\/fr\/wp-json\/wp\/v2\/media\/206550"}],"wp:attachment":[{"href":"https:\/\/www.europesays.com\/fr\/wp-json\/wp\/v2\/media?parent=206549"}],"wp:term":[{"taxonomy":"category","embeddable":true,"href":"https:\/\/www.europesays.com\/fr\/wp-json\/wp\/v2\/categories?post=206549"},{"taxonomy":"post_tag","embeddable":true,"href":"https:\/\/www.europesays.com\/fr\/wp-json\/wp\/v2\/tags?post=206549"}],"curies":[{"name":"wp","href":"https:\/\/api.w.org\/{rel}","templated":true}]}}