{"id":206553,"date":"2025-06-26T19:30:24","date_gmt":"2025-06-26T19:30:24","guid":{"rendered":"https:\/\/www.europesays.com\/fr\/206553\/"},"modified":"2025-06-26T19:30:24","modified_gmt":"2025-06-26T19:30:24","slug":"reprise-du-covid-cet-ete-lacademie-de-medecine-tire-la-sonnette-dalarme","status":"publish","type":"post","link":"https:\/\/www.europesays.com\/fr\/206553\/","title":{"rendered":"Reprise du Covid cet \u00e9t\u00e9 ? L\u2019Acad\u00e9mie de M\u00e9decine tire la sonnette d\u2019alarme"},"content":{"rendered":"<p>             <a href=\"https:\/\/ma-sante.news\/wp-content\/uploads\/2025\/06\/covid-nouveau-variant-micron-menace-ete-reprise-epidemie-inquietude-ma-sante.jpg\" data-caption=\"Si le nouveau sous-variant dOmicron inqui\u00e8te par sa transmissibilit\u00e9, sa virulence reste mod\u00e9r\u00e9e et le risque d&#039;une forte \u00e9pid\u00e9mie est faible. \u00a9 Prostooleh \/ Freepik\" rel=\"nofollow noopener\" target=\"_blank\"><img loading=\"lazy\" decoding=\"async\" width=\"696\" height=\"464\" class=\"entry-thumb td-modal-image\" src=\"data:image\/svg+xml,%3Csvg%20xmlns=\" http:=\"\" data-lazy- data-lazy- alt=\"Un soignant inquiet face \u00e0 une possible reprise \u00e9pid\u00e9mique.\" title=\"covid nouveau variant micron menace ete reprise epidemie inquietude ma sante\" data-lazy-src=\"https:\/\/www.europesays.com\/fr\/wp-content\/uploads\/2025\/06\/covid-nouveau-variant-micron-menace-ete-reprise-epidemie-inquietude-ma-sante-696x464.jpg\"\/><\/a>Si le nouveau sous-variant dOmicron inqui\u00e8te par sa transmissibilit\u00e9, sa virulence reste mod\u00e9r\u00e9e et le risque d&rsquo;une forte \u00e9pid\u00e9mie est faible. \u00a9 Prostooleh \/ Freepik                                    \t\t\t             <a class=\"gofollow\" data-track=\"MjgsMCwxLDYw\" href=\"https:\/\/ma-sante.news\/inscrivez-vous-a-notre-newsletter\/\" rel=\"nofollow noopener\" target=\"_blank\"><img loading=\"lazy\" decoding=\"async\" width=\"1068\" height=\"131\" src=\"data:image\/svg+xml,%3Csvg%20xmlns=\" http:=\"\" data-lazy-src=\"https:\/\/www.europesays.com\/fr\/wp-content\/uploads\/2025\/03\/banniere-newsletter.png\"\/><\/a> <\/p>\n<p>La saison estivale offre traditionnellement un r\u00e9pit face \u00e0 de nombreux virus respiratoires. Pourtant, l\u2019\u00e9t\u00e9 2025 pourrait \u00e9chapper \u00e0 cette r\u00e8gle. <\/p>\n<p>L\u2019Acad\u00e9mie nationale de m\u00e9decine a en effet publi\u00e9 un communiqu\u00e9 alarmant, soulignant un risque r\u00e9el de reprise \u00e9pid\u00e9mique du Covid\u201119, <a href=\"https:\/\/ma-sante.news\/un-nouveau-variant-du-covid-detecte-en-france-nb-1-8-1-faut-il-inquieter\/\" rel=\"nofollow noopener\" target=\"_blank\">sous l\u2019impulsion d\u2019un nouveau variant, le NB.1.8.1<\/a>, sous-type issu du variant Omicron. \u201cDepuis le d\u00e9but de l\u2019ann\u00e9e 2025, le variant NB.1.8.1 a suscit\u00e9 un rebond \u00e9pid\u00e9mique important en Asie (Hong Kong, Ta\u00efwan, Singapour). Sa pr\u00e9valence, encore faible, augmente en Am\u00e9rique du Nord et dans plusieurs pays d\u2019Europe, laissant pr\u00e9sager qu\u2019il risque de devenir dominant\u201d.\u00a0<\/p>\n<p>        Un variant d\u2019Omicron surveill\u00e9 de pr\u00e8s    <\/p>\n<p>Ce sous-variant d\u2019Omicron, qui domine la sc\u00e8ne virologique depuis 2021, a \u00e9t\u00e9 class\u00e9 parmi les \u201cvariants sous surveillance\u201d en mai\u202f2025. Si l\u2019Acad\u00e9mie de m\u00e9decine redoute sa pr\u00e9pond\u00e9rance dans les prochaines semaines, cela ne sous-entend pas forc\u00e9ment une virulence aggrav\u00e9e : malgr\u00e9 un <a href=\"https:\/\/ma-sante.news\/covid-19-un-symtome-tres-douloureux-pour-le-nouveau-variant\/\" rel=\"nofollow noopener\" target=\"_blank\">nouveau sympt\u00f4me relativement in\u00e9dit et particuli\u00e8rement douloureux<\/a>, \u201c\u00e0 ce jour, il ne semble pas d\u00e9terminer de formes cliniques plus s\u00e9v\u00e8res que les autres variants en circulation\u201d, confirme l\u2019Acad\u00e9mie de m\u00e9decine. <\/p>\n<p>Mais sa simplicit\u00e9 de transmission demeure un facteur de risque accru pour la sant\u00e9 publique, surtout chez les personnes fragiles. \u201cPlusieurs mutations le diff\u00e9rencient des variants Omicron circulant actuellement\u00a0: suivant leur position, ces mutations pourraient am\u00e9liorer l\u2019affinit\u00e9 de liaison au r\u00e9cepteur cellulaire ACE2 et augmenter la transmissibilit\u00e9 du virus, mais aussi faciliter son \u00e9chappement aux anticorps induits par des infections ou des vaccinations ant\u00e9rieures\u201d.<\/p>\n<p>        Une reprise \u00e9pid\u00e9mique possible \u00e0 court terme    <\/p>\n<p>La croyance qu\u2019un virus respiratoire s\u2019\u00e9teint naturellement en \u00e9t\u00e9 est remise en question. L\u2019Acad\u00e9mie rappelle que la saisonnalit\u00e9 hivernale du Covid\u201119, \u00e0 l\u2019image de la grippe, n\u2019est pas prouv\u00e9e scientifiquement : \u201cau cours de l\u2019ann\u00e9e 2024, la surveillance nationale de la Covid-19 a d\u00e9crit une circulation permanente du SARS-CoV-2 avec deux pics d\u2019incidence, le premier fin juin\/d\u00e9but juillet et le second fin septembre. L\u2019hypoth\u00e8se d\u2019une saisonnalit\u00e9 hivernale de la pand\u00e9mie de Covid-19, comparable \u00e0 celle des \u00e9pid\u00e9mies de grippe, n\u2019est donc pas confirm\u00e9e\u201d.<\/p>\n<p>Le risque d\u2019une flamb\u00e9e estivale n\u2019est pas une hypoth\u00e8se lointaine mais une menace palpable, si les mesures de pr\u00e9vention ne sont pas r\u00e9activ\u00e9es rapidement.<\/p>\n<p>C\u2019est l\u00e0 le message principal relay\u00e9 par l\u2019instance : \u201cil est encore temps pour la vaccination des personnes les plus \u00e0 risque\u201d. Apr\u00e8s la campagne hiver 2024\u20112025, la couverture vaccinale des plus de 65\u202fans \u00e9tait tomb\u00e9e \u00e0 21,7\u202f%, un chiffre jug\u00e9 insuffisant par les autorit\u00e9s sanitaires. Au printemps, malgr\u00e9 le prolongement de la campagne jusqu\u2019\u00e0 fin juin, l\u2019adh\u00e9sion est \u00e9galement jug\u00e9e beaucoup faible. Selon l\u2019OMS, \u201cles vaccins actuellement utilis\u00e9s restent (pourtant) efficaces contre les formes symptomatiques et graves\u201d. <\/p>\n<p>        Pourquoi faut-il renforcer la vaccination cet \u00e9t\u00e9 ?    <\/p>\n<p>Une relance de la vaccination durant l\u2019\u00e9t\u00e9 permettrait tout d\u2019abord d\u2019anticiper le pic potentiel : les semaines \u00e0 venir peuvent devenir d\u00e9cisives pour limiter la diffusion du variant NB.1.8.1. Une d\u00e9marche qui pr\u00e9serverait un syst\u00e8me de sant\u00e9 sous tension durant l\u2019\u00e9t\u00e9 : une hausse des cas, m\u00eame mod\u00e9r\u00e9e, peut en effet entra\u00eener une augmentation des hospitalisations, notamment parmi les plus fragiles.<\/p>\n<p>Un regain vaccinal contribuerait \u00e9galement <a href=\"https:\/\/ma-sante.news\/symptomes-du-covid-long-cest-dans-la-tete-docteur\/\" rel=\"nofollow noopener\" target=\"_blank\">\u00e0 limiter les formes longues<\/a> : la Covid\u201119 post\u2011aigu\u00eb, ou Covid long, demeure un probl\u00e8me de sant\u00e9 publique, m\u00eame apr\u00e8s une infection b\u00e9nigne.<\/p>\n<p>\u201cAssoci\u00e9e aux mesures de pr\u00e9vention de la transmission virale (port du masque, hygi\u00e8ne des mains), la vaccination est une mesure essentielle\u201d, conclut l\u2019Acad\u00e9mie de m\u00e9decine.\u00a0Le Covid-19 n\u2019a pas dit son dernier mot\u2026<\/p>\n<blockquote class=\"wp-block-quote is-layout-flow wp-block-quote-is-layout-flow\">\n<p><strong>\u00c0 SAVOIR<\/strong><\/p>\n<p>L\u2019<a href=\"https:\/\/www.academie-medecine.fr\/\" target=\"_blank\" rel=\"noreferrer noopener nofollow\">Acad\u00e9mie nationale de m\u00e9decine<\/a>, fond\u00e9e en 1820, est une institution publique fran\u00e7aise ind\u00e9pendante, compos\u00e9e de m\u00e9decins, chercheurs et experts reconnus dans les domaines de la sant\u00e9 et des sciences biom\u00e9dicales. Elle a pour mission de conseiller les pouvoirs publics, d\u2019\u00e9clairer le d\u00e9bat scientifique et de veiller \u00e0 la qualit\u00e9 des politiques de sant\u00e9 publique. Sa l\u00e9gitimit\u00e9 repose sur l\u2019expertise de ses membres et son r\u00f4le consultatif historique aupr\u00e8s du gouvernement, ce qui donne un poids particulier \u00e0 ses alertes, notamment en p\u00e9riode de crise sanitaire.<\/p>\n<\/blockquote>\n<p>  <a class=\"gofollow\" data-track=\"MTIsMCwxLDYw\" href=\"https:\/\/ma-sante.news\/annonceurs\/\" rel=\"nofollow noopener\" target=\"_blank\"><img loading=\"lazy\" decoding=\"async\" width=\"2560\" height=\"2133\" src=\"data:image\/svg+xml,%3Csvg%20xmlns=\" http:=\"\" data-lazy-src=\"https:\/\/www.europesays.com\/fr\/wp-content\/uploads\/2025\/03\/pub-annonceurs-4-scaled.jpg\"\/><\/a>    <img loading=\"lazy\" decoding=\"async\" width=\"755\" height=\"495\" src=\"data:image\/svg+xml,%3Csvg%20xmlns=\" http:=\"\" data-lazy-src=\"https:\/\/www.europesays.com\/fr\/wp-content\/uploads\/2025\/03\/Image1.jpg\"\/>Inscrivez-vous \u00e0 notre newsletter <br \/>Ma Sant\u00e9                      <\/p>\n","protected":false},"excerpt":{"rendered":"Si le nouveau sous-variant dOmicron inqui\u00e8te par sa transmissibilit\u00e9, sa virulence reste mod\u00e9r\u00e9e et le risque d&rsquo;une forte&hellip;\n","protected":false},"author":2,"featured_media":206554,"comment_status":"","ping_status":"","sticky":false,"template":"","format":"standard","meta":{"footnotes":""},"categories":[10],"tags":[1011,27,72,27821,71,34547],"class_list":{"0":"post-206553","1":"post","2":"type-post","3":"status-publish","4":"format-standard","5":"has-post-thumbnail","7":"category-sante","8":"tag-fr","9":"tag-france","10":"tag-health","11":"tag-omicron","12":"tag-sante","13":"tag-u00e9pidu00e9mie-coronavirus"},"share_on_mastodon":{"url":"https:\/\/pubeurope.com\/@fr\/114751329121419898","error":""},"_links":{"self":[{"href":"https:\/\/www.europesays.com\/fr\/wp-json\/wp\/v2\/posts\/206553","targetHints":{"allow":["GET"]}}],"collection":[{"href":"https:\/\/www.europesays.com\/fr\/wp-json\/wp\/v2\/posts"}],"about":[{"href":"https:\/\/www.europesays.com\/fr\/wp-json\/wp\/v2\/types\/post"}],"author":[{"embeddable":true,"href":"https:\/\/www.europesays.com\/fr\/wp-json\/wp\/v2\/users\/2"}],"replies":[{"embeddable":true,"href":"https:\/\/www.europesays.com\/fr\/wp-json\/wp\/v2\/comments?post=206553"}],"version-history":[{"count":0,"href":"https:\/\/www.europesays.com\/fr\/wp-json\/wp\/v2\/posts\/206553\/revisions"}],"wp:featuredmedia":[{"embeddable":true,"href":"https:\/\/www.europesays.com\/fr\/wp-json\/wp\/v2\/media\/206554"}],"wp:attachment":[{"href":"https:\/\/www.europesays.com\/fr\/wp-json\/wp\/v2\/media?parent=206553"}],"wp:term":[{"taxonomy":"category","embeddable":true,"href":"https:\/\/www.europesays.com\/fr\/wp-json\/wp\/v2\/categories?post=206553"},{"taxonomy":"post_tag","embeddable":true,"href":"https:\/\/www.europesays.com\/fr\/wp-json\/wp\/v2\/tags?post=206553"}],"curies":[{"name":"wp","href":"https:\/\/api.w.org\/{rel}","templated":true}]}}