{"id":206565,"date":"2025-06-26T19:36:17","date_gmt":"2025-06-26T19:36:17","guid":{"rendered":"https:\/\/www.europesays.com\/fr\/206565\/"},"modified":"2025-06-26T19:36:17","modified_gmt":"2025-06-26T19:36:17","slug":"mort-de-souheil-el-khalfaoui-les-scelles-egares-au-tribunal-de-marseille-ont-ete-retrouves-mediapart","status":"publish","type":"post","link":"https:\/\/www.europesays.com\/fr\/206565\/","title":{"rendered":"Mort de Souheil El Khalfaoui : les scell\u00e9s \u00e9gar\u00e9s au tribunal de Marseille ont \u00e9t\u00e9 retrouv\u00e9s &#8211; Mediapart"},"content":{"rendered":"<ol>\n<li><a href=\"https:\/\/news.google.com\/rss\/articles\/CBMi0wFBVV95cUxQdldiN1BMbVFJNEZlMUN6bk9TRklQaW15UWNfWFVRZ0NVeUw3bnM5b0JzUVhoRkRyc0xEclFHRk42Y2wyMGgzVGUtbExkRGpwX29rMG03dnpHSlNlRjdHOE9jUmt3QXBzOVVpOHNOcF9CWUxfN01DcnBqSXhjT1hGUDZGODB6Q1ZHYkRJZ185dHpQM2VqOEdZYU1PWk5YNU1LOWJhaDBMVERhQzI5aUxiZ3hVNDhfQ1lfeGZaYnlXYU5UM2tCa0E2ZEI1UFg1aTQ0MThN?oc=5\" target=\"_blank\" rel=\"nofollow noopener\">Mort de Souheil El Khalfaoui : les scell\u00e9s \u00e9gar\u00e9s au tribunal de Marseille ont \u00e9t\u00e9 retrouv\u00e9s<\/a>&nbsp;&nbsp;Mediapart<\/li>\n<li><a href=\"https:\/\/news.google.com\/rss\/articles\/CBMiiwFBVV95cUxOWXYzdFIta1piOHFUWU9pc0FWb3RLSWVTaEtPd1JfYzc2dk5kT0VkZzhjRjRsZlB5bEZsTGdfd0o1VUc0cHVWWjU5cmRIMVNHd3JXNlpobENmSjRKY0VqUlZSejJDQVdCYUZVb3FKazVPMERGRUhJZ19TWjA3d053RkhzTVcxdkRzUHMw?oc=5\" target=\"_blank\" rel=\"nofollow noopener\">Rebondissement dans la mort de Souheil, tu\u00e9 par un policier \u00e0 Marseille en 2021<\/a>&nbsp;&nbsp;Yahoo Actualit\u00e9s<\/li>\n<li><a href=\"https:\/\/news.google.com\/rss\/articles\/CBMinwFBVV95cUxNVG1PU1VtVGRkT2NBc2JZalc4RGplTExpVVloREpmMVQ0elpJSUhoRmxYcXN5eVRuTnhnTHg1bGlJSWNwM3lXUjlORUxwUVo2QklQVXFQX1BFZWYtYXJpWi1YQnZpWDRBalV6bUdnNUMwYlVULXVnamUyVXE5dHdMV0g4STE1bVFUUWJab0t5OVI5Qi1rekxERGE0OXgwUGc?oc=5\" target=\"_blank\" rel=\"nofollow noopener\">Les scell\u00e9s disparus dans l\u2019affaire Souheil ont \u00e9t\u00e9 retrouv\u00e9s<\/a>&nbsp;&nbsp;20 Minutes<\/li>\n<li><a href=\"https:\/\/news.google.com\/rss\/articles\/CBMiowJBVV95cUxNekQ3S05xZGFpT3QzV0N0Y2FjTU93VWcyOXFMTjJkODBLNnZNQmMwQ1N5cWJqQ185cHN5NHI4Vk1BTVlzejJBOGI2RUpMT3hSNWlNTnBSQzFZdURyWmJyQWV3eThRUHpSMVhZYWNFOWdhZ3l6akJQYmt6QlJFamxLQUxMVlB5TmxxNmVib01FSEp2cFpTSUlES3hPSm0zNlJaeFZPbjJ1TEJUaGM4MkFWZl9pNngxSDNxM3dZc09YZEJkbUs2WDZoV1dTaHRGMjFXMmZNQ0FZUmhoWmhTbGlpRzU3VzJhbU95T1g2WHY5bnlfdnQ0am4wYVQyQ0pHaElLNUV3ZmRMam82R0ZCZVUxS0tDaWxBWXF5LTFzTXpKVDFlQWM?oc=5\" target=\"_blank\" rel=\"nofollow noopener\">Jeune homme tu\u00e9 par un policier \u00e0 Marseille en 2021 : les scell\u00e9s disparus ont \u00e9t\u00e9 retrouv\u00e9s<\/a>&nbsp;&nbsp;Ouest-France<\/li>\n<li><a href=\"https:\/\/news.google.com\/rss\/articles\/CBMi1AFBVV95cUxOaU8xbzNvQjUxWlFkVUJJNGNTOURxZ0NBOUVyS1NaeGRBTjBUMTg1YnVCSFFNdUhmVnR1TFdjOE1Bc0JBeThGaUsybDVXNFpyMjItYndXMzVmeDFJY2FoallONlNYM2hqT0gxUmpwT3hXNDBVVFgwRWJ3cWozR1FxaXRIc0JvV2c1SVJyZGhib3dIMTNsMjBveE5kRjNVR1lyYmhZMHVWYnZkRE8wWHFOY1R6dUVjMThrY1B5c1FoSmlFanRCSjktRmozel9ENF81ekFSeQ?oc=5\" target=\"_blank\" rel=\"nofollow noopener\">Marseille : les scell\u00e9s retrouv\u00e9s dans l\u2019affaire de la mort d\u2019un jeune homme qui fuyait la police<\/a>&nbsp;&nbsp;Le Figaro<\/li>\n<\/ol>\n","protected":false},"excerpt":{"rendered":"Mort de Souheil El Khalfaoui : les scell\u00e9s \u00e9gar\u00e9s au tribunal de Marseille ont \u00e9t\u00e9 retrouv\u00e9s&nbsp;&nbsp;Mediapart Rebondissement dans&hellip;\n","protected":false},"author":2,"featured_media":206566,"comment_status":"","ping_status":"","sticky":false,"template":"","format":"standard","meta":{"footnotes":""},"categories":[4],"tags":[11,1011,27,303,884,12,25,34548,7374],"class_list":{"0":"post-206565","1":"post","2":"type-post","3":"status-publish","4":"format-standard","5":"has-post-thumbnail","7":"category-france","8":"tag-actualites","9":"tag-fr","10":"tag-france","11":"tag-justice","12":"tag-marseille","13":"tag-news","14":"tag-republique-francaise","15":"tag-tirs-mortels","16":"tag-violences-policieres"},"share_on_mastodon":{"url":"https:\/\/pubeurope.com\/@fr\/114751352581388710","error":""},"_links":{"self":[{"href":"https:\/\/www.europesays.com\/fr\/wp-json\/wp\/v2\/posts\/206565","targetHints":{"allow":["GET"]}}],"collection":[{"href":"https:\/\/www.europesays.com\/fr\/wp-json\/wp\/v2\/posts"}],"about":[{"href":"https:\/\/www.europesays.com\/fr\/wp-json\/wp\/v2\/types\/post"}],"author":[{"embeddable":true,"href":"https:\/\/www.europesays.com\/fr\/wp-json\/wp\/v2\/users\/2"}],"replies":[{"embeddable":true,"href":"https:\/\/www.europesays.com\/fr\/wp-json\/wp\/v2\/comments?post=206565"}],"version-history":[{"count":0,"href":"https:\/\/www.europesays.com\/fr\/wp-json\/wp\/v2\/posts\/206565\/revisions"}],"wp:featuredmedia":[{"embeddable":true,"href":"https:\/\/www.europesays.com\/fr\/wp-json\/wp\/v2\/media\/206566"}],"wp:attachment":[{"href":"https:\/\/www.europesays.com\/fr\/wp-json\/wp\/v2\/media?parent=206565"}],"wp:term":[{"taxonomy":"category","embeddable":true,"href":"https:\/\/www.europesays.com\/fr\/wp-json\/wp\/v2\/categories?post=206565"},{"taxonomy":"post_tag","embeddable":true,"href":"https:\/\/www.europesays.com\/fr\/wp-json\/wp\/v2\/tags?post=206565"}],"curies":[{"name":"wp","href":"https:\/\/api.w.org\/{rel}","templated":true}]}}