{"id":206569,"date":"2025-06-26T19:38:09","date_gmt":"2025-06-26T19:38:09","guid":{"rendered":"https:\/\/www.europesays.com\/fr\/206569\/"},"modified":"2025-06-26T19:38:09","modified_gmt":"2025-06-26T19:38:09","slug":"lagenda-du-week-end-vos-sorties-des-27-28-et-29-juin-2025","status":"publish","type":"post","link":"https:\/\/www.europesays.com\/fr\/206569\/","title":{"rendered":"L&rsquo;AGENDA DU WEEK-END : VOS SORTIES DES 27, 28 ET 29 JUIN 2025"},"content":{"rendered":"<p><strong>Ligne de rire au Th\u00e9\u00e2tre Le Triomphe<\/strong><\/p>\n<p>La Team du jeudi, groupe d\u2019apprentis com\u00e9diens form\u00e9s \u00e0 la Com\u00e9die, pr\u00e9sente ses cr\u00e9ations humoristiques originales. Une soir\u00e9e d\u00e9di\u00e9e au rire avec des sketchs in\u00e9dits interpr\u00e9t\u00e9s par ces passionn\u00e9s de l\u2019humour. C\u2019est ce vendredi \u00e0 la Com\u00e9die Triomphe \u00e0 21h \u00e0 Saint-\u00c9tienne. Plus d\u2019info <a href=\"https:\/\/www.comedietriomphe.fr\/events\/la-team-du-jeudi-fait-son-show-2\/\" target=\"_blank\" rel=\"noreferrer noopener nofollow\">ICI<\/a>.<\/p>\n<p><strong>Projection en plein air gratuite<\/strong><\/p>\n<p>D\u00e9couvrez le film d\u2019animation \u00ab\u00a0Les voisin de mes voisins sont mes voisins\u00a0\u00bb de L\u00e9o Marchand et Anne-Laure Daffis explorant les relations de voisinage \u00e0 travers dix histoires entrelac\u00e9es. Une des quinze projections gratuites organis\u00e9es par la municipalit\u00e9 st\u00e9phanoise. Dans le cadre du cin\u00e9ma sous les \u00e9toiles, ce vendredi \u00e0 21h45, Place Jean et Hippolyte Vial \u00e0 Saint-\u00c9tienne. Plus d\u2019info <a href=\"https:\/\/www.saint-etienne.fr\" target=\"_blank\" rel=\"noreferrer noopener nofollow\">ICI<\/a>.<\/p>\n<p><strong>Visite nocturne m\u00e9di\u00e9vale<\/strong><\/p>\n<p><strong>Lieu :<\/strong>\u00a0Village de Pouilly-les-FeursDans le cadre du Festival Cluny en Loire, profit\u00e9 du parcours aux flambeaux guid\u00e9 par des personnages en costumes d\u2019\u00e9poque. D\u00e9part depuis la cour du prieur\u00e9 pour une immersion totale dans l\u2019atmosph\u00e8re m\u00e9di\u00e9vale, o\u00f9 l\u2019histoire locale ressuscite le temps d\u2019une soir\u00e9e. Ce samedi 28 juin au village de Pouilly-les-Feurs.  Plus d\u2019info<a href=\"https:\/\/www.loire.fr\/jcms\/lw_1465853\/en\/un-ete-sous-le-signe-de-cluny\" target=\"_blank\" rel=\"noreferrer noopener nofollow\"> ICI.<\/a><\/p>\n<p><strong>Vide-dressing de la Biennale<\/strong><\/p>\n<p>Week-end Mode and broc dans le cadre de la Biennale en f\u00eate. Food trucks proposant boissons et restauration vari\u00e9e (sucr\u00e9\/sal\u00e9) sur place. C\u2019est samedi de 11h \u00e0 19h \u00e0 la Cit\u00e9 du design \u00e0 Saint-Etienne. Plus d\u2019info ICI.<\/p>\n<p><strong>100 % plaisir 100 % sant\u00e9<\/strong> \u00e0 Roanne<\/p>\n<p>Rendez-vous \u00e0 Roanne pour un salon de l\u2019\u00e9cologie et du bien-\u00eatre. Sensibilisation aux questions environnementales et de sant\u00e9 publique. Au programme : d\u00e9couverte guid\u00e9e du jardin partag\u00e9 des 3 cabanes. Atelier culinaire anti-gaspillage au jardin Pralus. Animations diverses autour du d\u00e9veloppement durable. C\u2019est samedi, toute la journ\u00e9e \u00e0 Roanne. Plus d\u2019info <a href=\"https:\/\/www.aggloroanne.fr\/ma-collectivite\/sante-et-prevention\/100-plaisir-100-sante-2430.html\" target=\"_blank\" rel=\"noreferrer noopener nofollow\">ICI<\/a>.<\/p>\n<p>F\u00eatez l\u2019\u00e9t\u00e9 au Fil<\/p>\n<p>Ce dimanche a partir de 16h, rendez-vous au Fil \u00e0 Saint-Etienne pour le concept de \u00ab\u00a0Vivement l\u2019\u00e9t\u00e9\u00a0\u00bb. Venez profiter de la terrasse de la salle de concert une derni\u00e8re fois avant la pause estivale ! Au programme : Des 17h du matin :\u00a0 Histoires cont\u00e9es pour les plus petit\u00b7es. Ensuite, \u00e0 18h00 : M\u00e9li M\u00e9lo, puis : \u00e0 18h45, Grande Smala : la Chorale du fil fait son show ! Men\u00e9e par Lou Muguet. \u00c0 19h30, Les Starlettes Mix. \u00c0 20h30, Les Looping avec\u00a0<strong>Drabilis<\/strong>\u00a0(Pop), Bastard Mix Blind Test sur la prog\u2019, <strong>Regarde<\/strong>\u00a0<strong>Orion<\/strong>\u00a0(rap) et enfin \u00e0 22H30, faite la f\u00eate avec Dj Al\u00e9. Plus d\u2019info <a href=\"https:\/\/www.le-fil.com\/concert\/vivement-lete\/\" target=\"_blank\" rel=\"noreferrer noopener nofollow\">ICI<\/a>.<\/p>\n","protected":false},"excerpt":{"rendered":"Ligne de rire au Th\u00e9\u00e2tre Le Triomphe La Team du jeudi, groupe d\u2019apprentis com\u00e9diens form\u00e9s \u00e0 la Com\u00e9die,&hellip;\n","protected":false},"author":2,"featured_media":39010,"comment_status":"","ping_status":"","sticky":false,"template":"","format":"standard","meta":{"footnotes":""},"categories":[9653],"tags":[1111,11,4763,2430,650,1777,674,1011,27,3367,7357,873,12,25,9838,9669,4001],"class_list":{"0":"post-206569","1":"post","2":"type-post","3":"status-publish","4":"format-standard","5":"has-post-thumbnail","7":"category-saint-etienne","8":"tag-actu","9":"tag-actualites","10":"tag-agenda","11":"tag-auvergne-rhone-alpes","12":"tag-cinema","13":"tag-eu","14":"tag-europe","15":"tag-fr","16":"tag-france","17":"tag-loire","18":"tag-montbrison","19":"tag-musique","20":"tag-news","21":"tag-republique-francaise","22":"tag-roanne","23":"tag-saint-chamond","24":"tag-saint-etienne"},"share_on_mastodon":{"url":"https:\/\/pubeurope.com\/@fr\/114751360548889554","error":""},"_links":{"self":[{"href":"https:\/\/www.europesays.com\/fr\/wp-json\/wp\/v2\/posts\/206569","targetHints":{"allow":["GET"]}}],"collection":[{"href":"https:\/\/www.europesays.com\/fr\/wp-json\/wp\/v2\/posts"}],"about":[{"href":"https:\/\/www.europesays.com\/fr\/wp-json\/wp\/v2\/types\/post"}],"author":[{"embeddable":true,"href":"https:\/\/www.europesays.com\/fr\/wp-json\/wp\/v2\/users\/2"}],"replies":[{"embeddable":true,"href":"https:\/\/www.europesays.com\/fr\/wp-json\/wp\/v2\/comments?post=206569"}],"version-history":[{"count":0,"href":"https:\/\/www.europesays.com\/fr\/wp-json\/wp\/v2\/posts\/206569\/revisions"}],"wp:featuredmedia":[{"embeddable":true,"href":"https:\/\/www.europesays.com\/fr\/wp-json\/wp\/v2\/media\/39010"}],"wp:attachment":[{"href":"https:\/\/www.europesays.com\/fr\/wp-json\/wp\/v2\/media?parent=206569"}],"wp:term":[{"taxonomy":"category","embeddable":true,"href":"https:\/\/www.europesays.com\/fr\/wp-json\/wp\/v2\/categories?post=206569"},{"taxonomy":"post_tag","embeddable":true,"href":"https:\/\/www.europesays.com\/fr\/wp-json\/wp\/v2\/tags?post=206569"}],"curies":[{"name":"wp","href":"https:\/\/api.w.org\/{rel}","templated":true}]}}