{"id":206572,"date":"2025-06-26T19:40:11","date_gmt":"2025-06-26T19:40:11","guid":{"rendered":"https:\/\/www.europesays.com\/fr\/206572\/"},"modified":"2025-06-26T19:40:11","modified_gmt":"2025-06-26T19:40:11","slug":"nancy-la-france-insoumise-alerte-sur-les-deces-au-travail","status":"publish","type":"post","link":"https:\/\/www.europesays.com\/fr\/206572\/","title":{"rendered":"Nancy. La France Insoumise alerte sur les d\u00e9c\u00e8s au travail"},"content":{"rendered":"<p>\u00ab\u00a0Stop \u00e0 la mort au travail\u00a0: pour ne plus perdre la vie en tentant de la gagner.\u00a0\u00bb En organisant une r\u00e9union publique autour de la mort au travail ce jeudi soir \u00e0 la Maison du Peuple de Nancy, la France Insoumise avait \u00e0 c\u0153ur de tirer la sonnette d\u2019alarme alors que l\u2019Assurance maladie a recens\u00e9 759 d\u00e9c\u00e8s au travail pour l\u2019ann\u00e9e 2023.<\/p>\n<p>\u00ab\u00a0En Europe, la France est dans le top trois des pays europ\u00e9ens o\u00f9 on meurt le plus au travail\u00a0\u00bb, posait le Marnais Anthony Smith, d\u00e9put\u00e9 europ\u00e9en LFI et ancien inspecteur du travail, \u00ab\u00a0c\u2019est une h\u00e9catombe et, pourtant, on en parle tr\u00e8s peu car il y a une omerta\u00a0\u00bb\u2026<\/p>\n<p>Ce contenu est bloqu\u00e9 car vous n&rsquo;avez pas accept\u00e9 les cookies et autres traceurs.<\/p>\n<p>En cliquant sur \u00ab J\u2019accepte \u00bb, les cookies et autres traceurs seront d\u00e9pos\u00e9s et vous pourrez visualiser les contenus  (<a href=\"\" class=\"consentModule_policy\" target=\"_blank\" title=\"Consulter la politique de protection des donn\u00e9es du fournisseur\">plus d&rsquo;informations<\/a>).<\/p>\n<p>En cliquant sur \u00ab J\u2019accepte tous les cookies \u00bb, vous autorisez des d\u00e9p\u00f4ts de cookies et autres traceurs pour le stockage de vos donn\u00e9es sur nos sites et applications \u00e0 des fins de personnalisation et de ciblage publicitaire.<\/p>\n<p class=\"consentModule_secondaryText\">Vous gardez la possibilit\u00e9 de retirer votre consentement \u00e0 tout moment en consultant notre <a href=\"https:\/\/www.estrepublicain.fr\/protection-des-donnees\" target=\"_blank\" title=\"Consulter notre politique de protection des donn\u00e9es\" rel=\"noopener\">politique de protection des donn\u00e9es<\/a>. <br \/>&#13;<br \/>\n            <a href=\"https:\/\/www.estrepublicain.fr\/culture-loisirs\/2025\/06\/26\/javascript:Didomi.notice.show()\" class=\"consentModule_cmp\" target=\"_blank\" rel=\"noopener\">G\u00e9rer mes choix<\/a>&#13;\n        <\/p>\n<p>&#13;<br \/>\n                        J&rsquo;accepte&#13;<br \/>\n            J&rsquo;accepte tous les cookies&#13;\n        <\/p>\n<p>  Quatorze mesures<\/p>\n<p>Engag\u00e9 dans une campagne nationale de r\u00e9unions publiques avec sa coll\u00e8gue LFI, Marina Mesure, le d\u00e9put\u00e9 europ\u00e9en a dress\u00e9 l\u2019\u00e9tat des lieux ce jeudi soir devant une trentaine de personnes et relay\u00e9 la feuille de route co-r\u00e9dig\u00e9e avec Marina Mesure. Une feuille de route qui se traduit par quatorze propositions pour lutter contre \u00ab\u00a0l\u2019employicide\u00a0\u00bb autour de trois priorit\u00e9s. \u00ab\u00a0Pour \u00eatre \u00e9quilibr\u00e9, il faut \u00e0 la fois pr\u00e9venir, r\u00e9primer et r\u00e9parer\u00a0\u00bb, r\u00e9sumait le d\u00e9put\u00e9 europ\u00e9en apr\u00e8s avoir pris le temps de d\u00e9tailler les diff\u00e9rentes propositions.<\/p>\n","protected":false},"excerpt":{"rendered":"\u00ab\u00a0Stop \u00e0 la mort au travail\u00a0: pour ne plus perdre la vie en tentant de la gagner.\u00a0\u00bb En&hellip;\n","protected":false},"author":2,"featured_media":206573,"comment_status":"","ping_status":"","sticky":false,"template":"","format":"standard","meta":{"footnotes":""},"categories":[9635],"tags":[1111,11,6211,1687,1704,1777,674,1011,27,775,2338,1702,1703,12,316,5486,25],"class_list":{"0":"post-206572","1":"post","2":"type-post","3":"status-publish","4":"format-standard","5":"has-post-thumbnail","7":"category-nancy","8":"tag-actu","9":"tag-actualites","10":"tag-conference","11":"tag-culture-loisirs","12":"tag-edition-nancy-et-agglomeration","13":"tag-eu","14":"tag-europe","15":"tag-fr","16":"tag-france","17":"tag-grand-est","18":"tag-la-france-insoumise","19":"tag-nancy","20":"tag-nancy-ville-54b","21":"tag-news","22":"tag-politique","23":"tag-rencontre","24":"tag-republique-francaise"},"share_on_mastodon":{"url":"https:\/\/pubeurope.com\/@fr\/114751368305540389","error":""},"_links":{"self":[{"href":"https:\/\/www.europesays.com\/fr\/wp-json\/wp\/v2\/posts\/206572","targetHints":{"allow":["GET"]}}],"collection":[{"href":"https:\/\/www.europesays.com\/fr\/wp-json\/wp\/v2\/posts"}],"about":[{"href":"https:\/\/www.europesays.com\/fr\/wp-json\/wp\/v2\/types\/post"}],"author":[{"embeddable":true,"href":"https:\/\/www.europesays.com\/fr\/wp-json\/wp\/v2\/users\/2"}],"replies":[{"embeddable":true,"href":"https:\/\/www.europesays.com\/fr\/wp-json\/wp\/v2\/comments?post=206572"}],"version-history":[{"count":0,"href":"https:\/\/www.europesays.com\/fr\/wp-json\/wp\/v2\/posts\/206572\/revisions"}],"wp:featuredmedia":[{"embeddable":true,"href":"https:\/\/www.europesays.com\/fr\/wp-json\/wp\/v2\/media\/206573"}],"wp:attachment":[{"href":"https:\/\/www.europesays.com\/fr\/wp-json\/wp\/v2\/media?parent=206572"}],"wp:term":[{"taxonomy":"category","embeddable":true,"href":"https:\/\/www.europesays.com\/fr\/wp-json\/wp\/v2\/categories?post=206572"},{"taxonomy":"post_tag","embeddable":true,"href":"https:\/\/www.europesays.com\/fr\/wp-json\/wp\/v2\/tags?post=206572"}],"curies":[{"name":"wp","href":"https:\/\/api.w.org\/{rel}","templated":true}]}}