{"id":206574,"date":"2025-06-26T19:41:35","date_gmt":"2025-06-26T19:41:35","guid":{"rendered":"https:\/\/www.europesays.com\/fr\/206574\/"},"modified":"2025-06-26T19:41:35","modified_gmt":"2025-06-26T19:41:35","slug":"transport-ces-routes-du-grand-est-vont-changer-de-mains-au-1er-janvier-2025-et-seront-payantes-en-2027","status":"publish","type":"post","link":"https:\/\/www.europesays.com\/fr\/206574\/","title":{"rendered":"Transport. Ces routes du Grand Est vont changer de mains au 1er\u00a0janvier 2025 et seront payantes en 2027"},"content":{"rendered":"<p>L\u2019op\u00e9ration quasiment pionni\u00e8re en France. La r\u00e9gion Grand Est va reprendre \u00e0 son compte, et \u00e0 titre exp\u00e9rimental sur quatre ans (2025-2029), les principaux axes routiers et autoroutiers nationaux qui la traversent. La bascule doit se faire au 1er \u00a0janvier. \u00c0 cette date, <a href=\"https:\/\/www.estrepublicain.fr\/faits-divers-justice\/2024\/11\/21\/a31-11-km-de-bouchons-dans-le-sens-metz-nancy\" target=\"_blank\" rel=\"noopener\"> l\u2019A31 satur\u00e9e<\/a> , la RN44, la RN4, l\u2019A33, l\u2019A313, l\u2019A431, l\u2019A30 et la RN52 tomberont, tout ou partie,&#8230;<\/p>\n","protected":false},"excerpt":{"rendered":"L\u2019op\u00e9ration quasiment pionni\u00e8re en France. La r\u00e9gion Grand Est va reprendre \u00e0 son compte, et \u00e0 titre exp\u00e9rimental&hellip;\n","protected":false},"author":2,"featured_media":206575,"comment_status":"","ping_status":"","sticky":false,"template":"","format":"standard","meta":{"footnotes":""},"categories":[9635],"tags":[1111,11,4749,3542,4406,130,33,1777,674,3183,1011,27,775,693,1702,12,2922,3456,25,4604,2803,216],"class_list":{"0":"post-206574","1":"post","2":"type-post","3":"status-publish","4":"format-standard","5":"has-post-thumbnail","7":"category-nancy","8":"tag-actu","9":"tag-actualites","10":"tag-btp-et-chantiers","11":"tag-circulation","12":"tag-commerce-et-services","13":"tag-consommation","14":"tag-economie","15":"tag-eu","16":"tag-europe","17":"tag-finance-et-fiscalite","18":"tag-fr","19":"tag-france","20":"tag-grand-est","21":"tag-industrie","22":"tag-nancy","23":"tag-news","24":"tag-pouvoir-dachat","25":"tag-region-lorraine","26":"tag-republique-francaise","27":"tag-selection-abonne","28":"tag-transport","29":"tag-vie-des-entreprises"},"share_on_mastodon":{"url":"https:\/\/pubeurope.com\/@fr\/114751372255449588","error":""},"_links":{"self":[{"href":"https:\/\/www.europesays.com\/fr\/wp-json\/wp\/v2\/posts\/206574","targetHints":{"allow":["GET"]}}],"collection":[{"href":"https:\/\/www.europesays.com\/fr\/wp-json\/wp\/v2\/posts"}],"about":[{"href":"https:\/\/www.europesays.com\/fr\/wp-json\/wp\/v2\/types\/post"}],"author":[{"embeddable":true,"href":"https:\/\/www.europesays.com\/fr\/wp-json\/wp\/v2\/users\/2"}],"replies":[{"embeddable":true,"href":"https:\/\/www.europesays.com\/fr\/wp-json\/wp\/v2\/comments?post=206574"}],"version-history":[{"count":0,"href":"https:\/\/www.europesays.com\/fr\/wp-json\/wp\/v2\/posts\/206574\/revisions"}],"wp:featuredmedia":[{"embeddable":true,"href":"https:\/\/www.europesays.com\/fr\/wp-json\/wp\/v2\/media\/206575"}],"wp:attachment":[{"href":"https:\/\/www.europesays.com\/fr\/wp-json\/wp\/v2\/media?parent=206574"}],"wp:term":[{"taxonomy":"category","embeddable":true,"href":"https:\/\/www.europesays.com\/fr\/wp-json\/wp\/v2\/categories?post=206574"},{"taxonomy":"post_tag","embeddable":true,"href":"https:\/\/www.europesays.com\/fr\/wp-json\/wp\/v2\/tags?post=206574"}],"curies":[{"name":"wp","href":"https:\/\/api.w.org\/{rel}","templated":true}]}}