{"id":206580,"date":"2025-06-26T19:44:09","date_gmt":"2025-06-26T19:44:09","guid":{"rendered":"https:\/\/www.europesays.com\/fr\/206580\/"},"modified":"2025-06-26T19:44:09","modified_gmt":"2025-06-26T19:44:09","slug":"radio-campus-souffle-ses-15-bougies-au-kiosque-bosc","status":"publish","type":"post","link":"https:\/\/www.europesays.com\/fr\/206580\/","title":{"rendered":"Radio Campus souffle ses 15 bougies au Kiosque Bosc"},"content":{"rendered":"<p>            Par<br \/>\n        <strong><br \/>\n            <a href=\"https:\/\/actu.fr\/auteur\/j-phan\" title=\"Consulter tous les articles de Jordan Phan\" target=\"_blank\" rel=\"noopener\">Jordan Phan<\/a><br \/>\n        <\/strong><\/p>\n<p>        Publi\u00e9 le<\/p>\n<p>            26 juin 2025 \u00e0 21h29        <\/p>\n<p>Flash info ! Ce <strong>vendredi 27 juin<\/strong>, la radio de Montpellier <strong>Radio Campus<\/strong> f\u00eatera son quinzi\u00e8me anniversaire au <strong>Kiosque Bosc, sur l\u2019Esplanade Charles de Gaulle<\/strong>, \u00e0 quelques pas de la Com\u00e9die. Et avec un programme m\u00ealant<strong> \u00e9mission en direct, open mic, concert et DJ Set<\/strong>, la soir\u00e9e se veut flambante, \u00e0 l\u2019image de cette antenne qui n\u2019a jamais cess\u00e9 d\u2019\u00e9mettre, 7 jours sur 7 et 24h sur 24, depuis <strong>2010<\/strong>.<\/p>\n<p>    <a href=\"https:\/\/www.google.com\/maps\/embed?pb=!1m18!1m12!1m3!1d5777.6129449706195!2d3.878450975107651!3d43.61057095518851!2m3!1f0!2f0!3f0!3m2!1i1024!2i768!4f13.1!3m3!1m2!1s0x12b6af0a123b5909%3A0x5b07f4e0efeabe1e!2sEsplanade%20Charles-de-Gaulle!5e0!3m2!1sfr!2sfr!4v1750860294765!5m2!1sfr!2sfr\" title=\"Ouvrie le lien\" target=\"_blank\" rel=\"noopener\">Cliquez ici pour visualiser le contenu<\/a><\/p>\n<p>La gen\u00e8se du projet<\/p>\n<p class=\" wall-content\">Tout commence avec l\u2019<strong>A.D.O.R.EM.<\/strong> (Association pour le D\u00e9veloppement d\u2019un Outil Radiophonique \u00c9tudiant \u00e0 Montpellier) cr\u00e9\u00e9e en <strong>juin 2009<\/strong> par des \u00e9tudiants et des personnels de trois universit\u00e9s de la ville. Plus tard, elle portera le projet \u00ab\u00a0Radio Campus\u00a0\u00bb, et le 9 juin 2010, elle commence \u00e0 \u00e9mettre sur les ondes du <strong>102.2 FM<\/strong>, depuis la maison de quartier Emma Calv\u00e9 \u00e0 Montpellier. Cela fait donc <strong>15 ans<\/strong> que Radio Campus existe et continue \u00e0 diffuser ses \u00e9missions sans interruption.<\/p>\n<p class=\" wall-content\"><a href=\"https:\/\/www.instagram.com\/p\/DKhntc2t-IO\/embed\" title=\"Ouvrir le lien sur Instagram\" target=\"_blank\" rel=\"noopener\">Visualiser le contenu sur Instagram<\/a><\/p>\n<p>Au programme de l\u2019\u00e9v\u00e9nement<\/p>\n<p class=\" wall-content\">Tout au long de la journ\u00e9e du 27 juin, les \u00e9missions musicales de la radio se succ\u00e8deront aux platines. La pr\u00e9sence d\u2019une buvette sur place pourra rafra\u00eechir les personnes venues profiter des animations propos\u00e9es par Radio Campus Montpellier, notamment \u00e0 14h une <strong>\u00e9mission de radio en direct<\/strong>, un <strong>open mic<\/strong> \u00e0 18h, un<strong> live musical<\/strong> du duo Hedena et enfin un<strong> DJ Set<\/strong> de Ch\u00ebb Tati \u00e0 21h. Et comme ce n\u2019est jamais assez et qu\u2019il faut toujours rester fid\u00e8le \u00e0 ses valeurs, l\u2019\u00e9v\u00e9nement sera retransmis en <strong>direct<\/strong> sur le 102.2 FM, pour les auditeurs qui ne peuvent se d\u00e9placer au centre de Montpellier.<\/p>\n<p>&gt; Vendredi 27 juin \u00e0 partir de 14h \u2013 Entr\u00e9e libre et gratuite \u2013 Kiosque Bosc, Esplanade Charles de Gaulle.<\/p>\n<p class=\" wall-content\">Suivez toute l\u2019actualit\u00e9 de vos villes et m\u00e9dias favoris en vous inscrivant \u00e0 <a href=\"https:\/\/moncompte.actu.fr\" title=\"D\u00e9couvez Mon Actu\" rel=\"nofollow noopener\" data-trk=\"{&quot;cta&quot;:{&quot;action&quot;:&quot;https:\\\/\\\/moncompte.actu.fr&quot;,&quot;category&quot;:&quot;mon compte&quot;,&quot;from&quot;:&quot;article footer&quot;,&quot;name&quot;:&quot;Mon actu&quot;,&quot;type&quot;:&quot;cta&quot;}}\" target=\"_blank\">Mon Actu<\/a>.<\/p>\n<p>                    <script async src=\"\/\/www.instagram.com\/embed.js\"><\/script><\/p>\n","protected":false},"excerpt":{"rendered":"Par Jordan Phan Publi\u00e9 le 26 juin 2025 \u00e0 21h29 Flash info ! Ce vendredi 27 juin, la&hellip;\n","protected":false},"author":2,"featured_media":206581,"comment_status":"","ping_status":"","sticky":false,"template":"","format":"standard","meta":{"footnotes":""},"categories":[9599],"tags":[1111,11,1697,1777,674,1011,27,1652,2208,12,2680,1825,3616,25],"class_list":{"0":"post-206580","1":"post","2":"type-post","3":"status-publish","4":"format-standard","5":"has-post-thumbnail","7":"category-montpellier","8":"tag-actu","9":"tag-actualites","10":"tag-concert","11":"tag-eu","12":"tag-europe","13":"tag-fr","14":"tag-france","15":"tag-loisirs-culture","16":"tag-montpellier","17":"tag-news","18":"tag-occitanie","19":"tag-radio","20":"tag-rap","21":"tag-republique-francaise"},"share_on_mastodon":{"url":"https:\/\/pubeurope.com\/@fr\/114751384047275187","error":""},"_links":{"self":[{"href":"https:\/\/www.europesays.com\/fr\/wp-json\/wp\/v2\/posts\/206580","targetHints":{"allow":["GET"]}}],"collection":[{"href":"https:\/\/www.europesays.com\/fr\/wp-json\/wp\/v2\/posts"}],"about":[{"href":"https:\/\/www.europesays.com\/fr\/wp-json\/wp\/v2\/types\/post"}],"author":[{"embeddable":true,"href":"https:\/\/www.europesays.com\/fr\/wp-json\/wp\/v2\/users\/2"}],"replies":[{"embeddable":true,"href":"https:\/\/www.europesays.com\/fr\/wp-json\/wp\/v2\/comments?post=206580"}],"version-history":[{"count":0,"href":"https:\/\/www.europesays.com\/fr\/wp-json\/wp\/v2\/posts\/206580\/revisions"}],"wp:featuredmedia":[{"embeddable":true,"href":"https:\/\/www.europesays.com\/fr\/wp-json\/wp\/v2\/media\/206581"}],"wp:attachment":[{"href":"https:\/\/www.europesays.com\/fr\/wp-json\/wp\/v2\/media?parent=206580"}],"wp:term":[{"taxonomy":"category","embeddable":true,"href":"https:\/\/www.europesays.com\/fr\/wp-json\/wp\/v2\/categories?post=206580"},{"taxonomy":"post_tag","embeddable":true,"href":"https:\/\/www.europesays.com\/fr\/wp-json\/wp\/v2\/tags?post=206580"}],"curies":[{"name":"wp","href":"https:\/\/api.w.org\/{rel}","templated":true}]}}