{"id":206582,"date":"2025-06-26T19:45:16","date_gmt":"2025-06-26T19:45:16","guid":{"rendered":"https:\/\/www.europesays.com\/fr\/206582\/"},"modified":"2025-06-26T19:45:16","modified_gmt":"2025-06-26T19:45:16","slug":"le-psg-prete-un-titi-a-montpellier-france-montpellier","status":"publish","type":"post","link":"https:\/\/www.europesays.com\/fr\/206582\/","title":{"rendered":"Le PSG pr\u00eate un titi \u00e0 Montpellier &#8211; France &#8211; Montpellier"},"content":{"rendered":"<p>Partir pour mieux revenir ?<\/p>\n<p>Le PSG a annonc\u00e9 ce jeudi <strong>le pr\u00eat sans option d\u2019achat de Naoufel El Hannach \u00e0 Montpellier<\/strong>. Le jeune d\u00e9fenseur central de 18 ans rejoint donc la Ligue 2 avec l\u2019objectif d\u2019acqu\u00e9rir de l\u2019exp\u00e9rience avant d\u2019essayer de se faire une place au sein de l\u2019effectif de Luis Enrique. Si le technicien espagnol appr\u00e9cie le profil du jeune homme, au club depuis ses huit ans, il n\u2019a pour l\u2019heure jamais disput\u00e9 la moindre minute au niveau professionnel. Dans le sud, <strong>le jeune titi retrouvera un certain Zoumana Camara<\/strong>, qui l\u2019a d\u00e9j\u00e0 entra\u00een\u00e9 chez les U19 du club de la capitale.<\/p>\n<blockquote class=\"twitter-tweet\">\n<p lang=\"fr\" dir=\"ltr\">Form\u00e9 au Paris Saint-Germain, Naoufel El Hannach rejoint le Montpellier HSC, dans le cadre d\u2019un pr\u00eat d\u2019une saison.<br \/>\nLe Club souhaite une tr\u00e8s bonne saison \u00e0 Naoufel.<\/p>\n<p>\u2014 Paris Saint-Germain (@PSG_inside) <a target=\"_blank\" href=\"https:\/\/twitter.com\/PSG_inside\/status\/1938274499553849627?ref_src=twsrc%5Etfw\" rel=\"nofollow noopener\">June 26, 2025<\/a><\/p><\/blockquote>\n<p>Une belle source d\u2019inspiration.<\/p>\n<p>\t\t\t\t\t\t\t\t\t\t<a class=\"lien-connexe\" href=\"https:\/\/www.sofoot.com\/breves\/le-directeur-general-du-psg-victoriano-melero-succede-a-laurent-nicollin-a-la-tete-de-foot-unis\" rel=\"nofollow noopener\" target=\"_blank\">Laurent Nicollin remplac\u00e9 par un dirigeant du PSG \u00e0 la t\u00eate de Foot Unis<\/a>\t\t\t\t\t<script async src=\"https:\/\/platform.twitter.com\/widgets.js\" charset=\"utf-8\"><\/script><\/p>\n","protected":false},"excerpt":{"rendered":"Partir pour mieux revenir ? Le PSG a annonc\u00e9 ce jeudi le pr\u00eat sans option d\u2019achat de Naoufel&hellip;\n","protected":false},"author":2,"featured_media":206583,"comment_status":"","ping_status":"","sticky":false,"template":"","format":"standard","meta":{"footnotes":""},"categories":[9599],"tags":[1111,47,11,61,69,65,64,1777,674,63,1011,27,68,66,2208,12,62,2680,70,25,67],"class_list":{"0":"post-206582","1":"post","2":"type-post","3":"status-publish","4":"format-standard","5":"has-post-thumbnail","7":"category-montpellier","8":"tag-actu","9":"tag-actualite","10":"tag-actualites","11":"tag-actus-football","12":"tag-bundesliga","13":"tag-championnats-europeens","14":"tag-equipe-de-france","15":"tag-eu","16":"tag-europe","17":"tag-football","18":"tag-fr","19":"tag-france","20":"tag-ligua","21":"tag-ligue-1","22":"tag-montpellier","23":"tag-news","24":"tag-news-foot","25":"tag-occitanie","26":"tag-premier-league","27":"tag-republique-francaise","28":"tag-serie-a"},"share_on_mastodon":{"url":"https:\/\/pubeurope.com\/@fr\/114751387911636607","error":""},"_links":{"self":[{"href":"https:\/\/www.europesays.com\/fr\/wp-json\/wp\/v2\/posts\/206582","targetHints":{"allow":["GET"]}}],"collection":[{"href":"https:\/\/www.europesays.com\/fr\/wp-json\/wp\/v2\/posts"}],"about":[{"href":"https:\/\/www.europesays.com\/fr\/wp-json\/wp\/v2\/types\/post"}],"author":[{"embeddable":true,"href":"https:\/\/www.europesays.com\/fr\/wp-json\/wp\/v2\/users\/2"}],"replies":[{"embeddable":true,"href":"https:\/\/www.europesays.com\/fr\/wp-json\/wp\/v2\/comments?post=206582"}],"version-history":[{"count":0,"href":"https:\/\/www.europesays.com\/fr\/wp-json\/wp\/v2\/posts\/206582\/revisions"}],"wp:featuredmedia":[{"embeddable":true,"href":"https:\/\/www.europesays.com\/fr\/wp-json\/wp\/v2\/media\/206583"}],"wp:attachment":[{"href":"https:\/\/www.europesays.com\/fr\/wp-json\/wp\/v2\/media?parent=206582"}],"wp:term":[{"taxonomy":"category","embeddable":true,"href":"https:\/\/www.europesays.com\/fr\/wp-json\/wp\/v2\/categories?post=206582"},{"taxonomy":"post_tag","embeddable":true,"href":"https:\/\/www.europesays.com\/fr\/wp-json\/wp\/v2\/tags?post=206582"}],"curies":[{"name":"wp","href":"https:\/\/api.w.org\/{rel}","templated":true}]}}