{"id":206584,"date":"2025-06-26T19:48:10","date_gmt":"2025-06-26T19:48:10","guid":{"rendered":"https:\/\/www.europesays.com\/fr\/206584\/"},"modified":"2025-06-26T19:48:10","modified_gmt":"2025-06-26T19:48:10","slug":"pres-de-rouen-le-demenagement-de-ce-lycee-professionnel-se-precise","status":"publish","type":"post","link":"https:\/\/www.europesays.com\/fr\/206584\/","title":{"rendered":"pr\u00e8s de Rouen, le d\u00e9m\u00e9nagement de ce lyc\u00e9e professionnel se pr\u00e9cise"},"content":{"rendered":"<p>            Par<br \/>\n        <strong><br \/>\n            <a href=\"https:\/\/actu.fr\/auteur\/emilien-jacques\" title=\"Consulter tous les articles de Emilien Jacques\" rel=\"nofollow noopener\" target=\"_blank\">Emilien Jacques<\/a><br \/>\n        <\/strong><\/p>\n<p>        Publi\u00e9 le<\/p>\n<p>            26 juin 2025 \u00e0 21h34        <\/p>\n<p>Il y a quelques mois, Jean-Marc Jaffr\u00e9, le directeur de l\u2019<b>\u00e9tablissement Notre-Dame<\/b>, situ\u00e9 rue Hervieux, \u00e0 <a href=\"https:\/\/actu.fr\/normandie\/elbeuf_76231\" rel=\"nofollow noopener\" target=\"_blank\">Elbeuf (Seine-Maritime)<\/a>, confiait dans les colonnes de notre journal son <a href=\"https:\/\/actu.fr\/normandie\/elbeuf_76231\/on-ne-peut-pas-rester-comme-ca-pres-de-rouen-ce-lycee-veut-acheter-de-nouveaux-locaux_62398198.html\" rel=\"nofollow noopener\" target=\"_blank\">d\u00e9sir d\u2019investir les anciens locaux de l\u2019Association pour la formation professionnelle des adultes (AFPA)<\/a>.<\/p>\n<p class=\" wall-content\">Fin juin 2025, \u00e0 la fin de l\u2019ann\u00e9e scolaire, un <b>d\u00e9m\u00e9nagement<\/b> se pr\u00e9cise.<\/p>\n<p class=\" wall-content\">Les pourparlers avec la M\u00e9tropole Rouen Normandie sont bien avanc\u00e9s et en passe d\u2019aboutir.<\/p>\n<p>Des n\u00e9gociations en \u00ab phase finale \u00bb<\/p>\n<p class=\" wall-content\">La <a href=\"https:\/\/actu.fr\/normandie\/elbeuf_76231\/un-risque-pour-la-securite-des-eleves-un-lycee-de-seine-maritime-ferme-au-moins-trois-jours_61663851.html\" rel=\"nofollow noopener\" target=\"_blank\">fermeture temporaire du lyc\u00e9e Notre-Dame de la rentr\u00e9e scolaire 2024<\/a> est un lointain souvenir. Aujourd\u2019hui, la tendance est plut\u00f4t \u00e0 l\u2019optimisme tant la situation n\u2019a jamais \u00e9t\u00e9 aussi proche d\u2019aboutir.<\/p>\n<p class=\" wall-content\">En discussion avec la M\u00e9tropole pour faire l\u2019acquisition des anciens locaux de l\u2019AFPA, vacants depuis plus d\u2019un an, Jean-Marc Jaffr\u00e9 affirme aujourd\u2019hui \u00eatre en \u00ab phase finale des n\u00e9gociations \u00bb. En effet, une offre a \u00e9t\u00e9 formul\u00e9e et est en attente de confirmation.<\/p>\n<p class=\" wall-content\">\u00ab J\u2019ai d\u00e9j\u00e0 inform\u00e9 toutes les autorit\u00e9s parties prenantes de la situation \u00bb, confie m\u00eame le directeur des \u00e9tablissements du <b>groupe F\u00e9nelon<\/b>, qui \u00e9voque les \u00e9lus, les parents d\u2019\u00e9l\u00e8ves et autorit\u00e9s du rectorat.<\/p>\n<p>Vid\u00e9os : en ce moment sur Actu<\/p>\n<p class=\" wall-content\">La probl\u00e9matique financi\u00e8re semble donc bel et bien r\u00e9gl\u00e9e. Pour autant, le b\u00e2timent vis\u00e9 par Jean-Marc Jaffr\u00e9 n\u2019est pas en capacit\u00e9 d\u2019accueillir du public \u00e0 l\u2019heure actuelle.<\/p>\n<p class=\" wall-content\">\u00ab Des travaux de <b>remise aux normes<\/b> pour un b\u00e2timent accueillant du public sont \u00e0 effectuer \u00bb, pr\u00e9cise-t-il. Environ <b>300\u00a0\u00e9l\u00e8ves<\/b> sont attendus dans ces locaux, qui doivent respecter certaines r\u00e8gles de s\u00e9curit\u00e9 incendie, d\u2019\u00e9vacuation et d\u2019accessibilit\u00e9.<\/p>\n<p>Revisiter l\u2019offre de formation<\/p>\n<p class=\" wall-content\">Au-del\u00e0 des consid\u00e9rations g\u00e9ographiques, le <b>lyc\u00e9e professionnel Notre-Dame<\/b> entend profiter de ces changements pour revoir son offre et se renouveler.<\/p>\n<blockquote class=\"ac-article-quote wall-content\">\n<p>On souhaite \u00eatre en capacit\u00e9 d\u2019\u00e9voluer sur nos fili\u00e8res de formation propos\u00e9es, et \u00eatre plus en ad\u00e9quation avec le bassin elbeuvien.<\/p>\n<p>Jean-Marc Jaffr\u00e9<\/p><\/blockquote>\n<p class=\" wall-content\">Le directeur a d\u00e9j\u00e0 d\u00e9p\u00each\u00e9 toutes ses \u00e9quipes p\u00e9dagogiques sur les lieux afin qu\u2019elles se projettent dans les nouveaux locaux car \u00ab c\u2019est un gros travail d\u2019\u00e9quipe qui s\u2019annonce \u00bb et une nouvelle dynamique \u00e0 mettre en \u0153uvre.<\/p>\n<p class=\" wall-content\">Il insiste grandement sur le fait que ce futur <b>d\u00e9m\u00e9nagement<\/b> \u00ab n\u2019est pas seulement un transfert de mobilier, l\u2019id\u00e9e est d\u2019\u00eatre en capacit\u00e9 de s\u2019adapter en termes d\u2019offre de formation \u00bb. Une offre qu\u2019il ne consid\u00e8re pas assez d\u00e9velopp\u00e9e et dont il veut participer \u00e0 l\u2019\u00e9largissement.<\/p>\n<p class=\" wall-content\">Une t\u00e2che \u00e0 laquelle pourra s\u2019atteler le lyc\u00e9e professionnel Notre-Dame d\u00e8s la rentr\u00e9e 2026, estime Jean-Marc Jaffr\u00e9.<\/p>\n<p class=\" wall-content\">Suivez toute l\u2019actualit\u00e9 de vos villes et m\u00e9dias favoris en vous inscrivant \u00e0 <a href=\"https:\/\/moncompte.actu.fr\" title=\"D\u00e9couvez Mon Actu\" rel=\"nofollow noopener\" data-trk=\"{&quot;cta&quot;:{&quot;action&quot;:&quot;https:\\\/\\\/moncompte.actu.fr&quot;,&quot;category&quot;:&quot;mon compte&quot;,&quot;from&quot;:&quot;article footer&quot;,&quot;name&quot;:&quot;Mon actu&quot;,&quot;type&quot;:&quot;cta&quot;}}\" target=\"_blank\">Mon Actu<\/a>.<\/p>\n","protected":false},"excerpt":{"rendered":"Par Emilien Jacques Publi\u00e9 le 26 juin 2025 \u00e0 21h34 Il y a quelques mois, Jean-Marc Jaffr\u00e9, le&hellip;\n","protected":false},"author":2,"featured_media":206585,"comment_status":"","ping_status":"","sticky":false,"template":"","format":"standard","meta":{"footnotes":""},"categories":[9587],"tags":[1111,11,1057,1777,674,1119,1011,27,12,5161,25,9590,104],"class_list":{"0":"post-206584","1":"post","2":"type-post","3":"status-publish","4":"format-standard","5":"has-post-thumbnail","7":"category-rouen","8":"tag-actu","9":"tag-actualites","10":"tag-education","11":"tag-eu","12":"tag-europe","13":"tag-formation","14":"tag-fr","15":"tag-france","16":"tag-news","17":"tag-normandie","18":"tag-republique-francaise","19":"tag-rouen","20":"tag-societe"},"share_on_mastodon":{"url":"https:\/\/pubeurope.com\/@fr\/114751399748662560","error":""},"_links":{"self":[{"href":"https:\/\/www.europesays.com\/fr\/wp-json\/wp\/v2\/posts\/206584","targetHints":{"allow":["GET"]}}],"collection":[{"href":"https:\/\/www.europesays.com\/fr\/wp-json\/wp\/v2\/posts"}],"about":[{"href":"https:\/\/www.europesays.com\/fr\/wp-json\/wp\/v2\/types\/post"}],"author":[{"embeddable":true,"href":"https:\/\/www.europesays.com\/fr\/wp-json\/wp\/v2\/users\/2"}],"replies":[{"embeddable":true,"href":"https:\/\/www.europesays.com\/fr\/wp-json\/wp\/v2\/comments?post=206584"}],"version-history":[{"count":0,"href":"https:\/\/www.europesays.com\/fr\/wp-json\/wp\/v2\/posts\/206584\/revisions"}],"wp:featuredmedia":[{"embeddable":true,"href":"https:\/\/www.europesays.com\/fr\/wp-json\/wp\/v2\/media\/206585"}],"wp:attachment":[{"href":"https:\/\/www.europesays.com\/fr\/wp-json\/wp\/v2\/media?parent=206584"}],"wp:term":[{"taxonomy":"category","embeddable":true,"href":"https:\/\/www.europesays.com\/fr\/wp-json\/wp\/v2\/categories?post=206584"},{"taxonomy":"post_tag","embeddable":true,"href":"https:\/\/www.europesays.com\/fr\/wp-json\/wp\/v2\/tags?post=206584"}],"curies":[{"name":"wp","href":"https:\/\/api.w.org\/{rel}","templated":true}]}}