{"id":206586,"date":"2025-06-26T19:49:23","date_gmt":"2025-06-26T19:49:23","guid":{"rendered":"https:\/\/www.europesays.com\/fr\/206586\/"},"modified":"2025-06-26T19:49:23","modified_gmt":"2025-06-26T19:49:23","slug":"bresson-les-elus-du-conseil-municipal-des-enfants-ont-visite-le-senat","status":"publish","type":"post","link":"https:\/\/www.europesays.com\/fr\/206586\/","title":{"rendered":"Bresson. Les \u00e9lus du conseil municipal des enfants ont visit\u00e9 le S\u00e9nat"},"content":{"rendered":"<p>Il y a quelques jours, les jeunes des classes de CM1 et CM2 de la commune, dont les \u00e9lus du conseil municipal des enfants, sont mont\u00e9s \u00e0 Paris afin de visiter le Palais du Luxembourg qui abrite le S\u00e9nat.<\/p>\n<p>Ils \u00e9taient accompagn\u00e9s par Audrey Guyomard, maire de Bresson. Ils ont, \u00e0 cette occasion, pu poser des questions \u00e0 Michel Savin, s\u00e9nateur de l\u2019Is\u00e8re, admirer la rel\u00e8ve de la Garde r\u00e9publicaine et m\u00eame croiser le premier ministre, Fran\u00e7ois Bayrou.<\/p>\n<p>Ils ont \u00e9galement pu visiter des monuments parisiens.<\/p>\n","protected":false},"excerpt":{"rendered":"Il y a quelques jours, les jeunes des classes de CM1 et CM2 de la commune, dont les&hellip;\n","protected":false},"author":2,"featured_media":206587,"comment_status":"","ping_status":"","sticky":false,"template":"","format":"standard","meta":{"footnotes":""},"categories":[9566],"tags":[1111,11,2430,21751,1984,112,1777,674,1011,27,2731,7000,12,316,25],"class_list":{"0":"post-206586","1":"post","2":"type-post","3":"status-publish","4":"format-standard","5":"has-post-thumbnail","7":"category-grenoble","8":"tag-actu","9":"tag-actualites","10":"tag-auvergne-rhone-alpes","11":"tag-bresson","12":"tag-conseil-municipal","13":"tag-edition-grenoble-agglomeration","14":"tag-eu","15":"tag-europe","16":"tag-fr","17":"tag-france","18":"tag-grenoble","19":"tag-lagglomeration","20":"tag-news","21":"tag-politique","22":"tag-republique-francaise"},"share_on_mastodon":{"url":"https:\/\/pubeurope.com\/@fr\/114751403660739380","error":""},"_links":{"self":[{"href":"https:\/\/www.europesays.com\/fr\/wp-json\/wp\/v2\/posts\/206586","targetHints":{"allow":["GET"]}}],"collection":[{"href":"https:\/\/www.europesays.com\/fr\/wp-json\/wp\/v2\/posts"}],"about":[{"href":"https:\/\/www.europesays.com\/fr\/wp-json\/wp\/v2\/types\/post"}],"author":[{"embeddable":true,"href":"https:\/\/www.europesays.com\/fr\/wp-json\/wp\/v2\/users\/2"}],"replies":[{"embeddable":true,"href":"https:\/\/www.europesays.com\/fr\/wp-json\/wp\/v2\/comments?post=206586"}],"version-history":[{"count":0,"href":"https:\/\/www.europesays.com\/fr\/wp-json\/wp\/v2\/posts\/206586\/revisions"}],"wp:featuredmedia":[{"embeddable":true,"href":"https:\/\/www.europesays.com\/fr\/wp-json\/wp\/v2\/media\/206587"}],"wp:attachment":[{"href":"https:\/\/www.europesays.com\/fr\/wp-json\/wp\/v2\/media?parent=206586"}],"wp:term":[{"taxonomy":"category","embeddable":true,"href":"https:\/\/www.europesays.com\/fr\/wp-json\/wp\/v2\/categories?post=206586"},{"taxonomy":"post_tag","embeddable":true,"href":"https:\/\/www.europesays.com\/fr\/wp-json\/wp\/v2\/tags?post=206586"}],"curies":[{"name":"wp","href":"https:\/\/api.w.org\/{rel}","templated":true}]}}