{"id":206590,"date":"2025-06-26T19:51:27","date_gmt":"2025-06-26T19:51:27","guid":{"rendered":"https:\/\/www.europesays.com\/fr\/206590\/"},"modified":"2025-06-26T19:51:27","modified_gmt":"2025-06-26T19:51:27","slug":"tombees-de-la-nuit-le-galapiat-cirque-lance-le-festival-dart-de-rue-et-des-couteaux","status":"publish","type":"post","link":"https:\/\/www.europesays.com\/fr\/206590\/","title":{"rendered":"Tomb\u00e9es de la nuit. Le Galapiat cirque lance le festival d\u2019art de rue\u2026 et des couteaux"},"content":{"rendered":"<p>\u00ab\u00a0Les ma\u00eetres du d\u00e9sordre\u00a0\u00bb, par le collectif costarmoricain Galapiat cirque, est un spectacle de rue dans la tradition\u00a0: foutraque, faisant feu de tout bois, spectaculaire, avec ce c\u00f4t\u00e9 (faussement) bricol\u00e9, improvis\u00e9 qui, imm\u00e9diatement, cr\u00e9\u00e9 le lien avec le public.<\/p>\n<p>S\u00e9bastien Wodjan y lance des couteaux, des fl\u00e9chettes, garde l\u2019\u00e9quilibre sur un fil ou avec une hache qui tangue sur le front. Ses num\u00e9ros sont accompagn\u00e9s de morceaux de Radiohead, de Queen ou David Bowie, interpr\u00e9t\u00e9s \u00e0 la guitare acoustique par son comp\u00e8re, Madeg Menguy. Le show en plein air est, en quelque sorte, le before des <a href=\"https:\/\/rennes.maville.com\/actu\/actudet_-du-grand-huit-a-l-ehpad-les-terrains-de-jeu-du-festival-des-tombees-de-la-nuit-a-rennes-_7-6861223_actu.Htm\" rel=\"nofollow noopener\" target=\"_blank\">Tomb\u00e9es de la nuit qui se d\u00e9roulent, officiellement, du 2 au 6\u00a0juillet.<\/a><\/p>\n<p>\t<img decoding=\"async\" src=\"https:\/\/www.europesays.com\/fr\/wp-content\/uploads\/2025\/06\/P35315880D6872805G_px_640_.jpg\" alt=\"photo premi\u00e8re repr\u00e9sentation des \u00ab\u00a0ma\u00eetres du d\u00e9sordre\u00a0\u00bb, mercredi 25\u00a0juin, devant le public \u00e0 pac\u00e9.  \u00a9  ouest-france\" width=\"640\" title=\" Premi\u00e8re repr\u00e9sentation des \u00ab\u00a0Ma\u00eetres du d\u00e9sordre\u00a0\u00bb, mercredi 25\u00a0juin, devant le public \u00e0 Pac\u00e9.   Ouest-France \"\/><\/p>\n<p class=\"elmt-legende\"> Premi\u00e8re repr\u00e9sentation des \u00ab\u00a0Ma\u00eetres du d\u00e9sordre\u00a0\u00bb, mercredi 25\u00a0juin, devant le public \u00e0 Pac\u00e9.   Ouest-France <\/p>\n<p>Jou\u00e9 mercredi \u00e0 Pac\u00e9, \u00ab\u00a0Les ma\u00eetres du d\u00e9sordre\u00a0\u00bb sont attendus, ce samedi 28\u00a0juin \u00e0 12\u00a0h, devant le centre culturel Agora, place Jean Auvergne au Rheu (gratuit). Mardi 1er\u00a0juillet \u00e0 19\u00a0h, nouvelle \u00e9tape au Jardin du point\u00a021 \u00e0 Laill\u00e9, puis jeudi 3\u00a0juillet \u00e0 19\u00a0h \u00e0 la Grand\u2019Voile \u00e0 Chartres-de-Bretagne. Ce tour de l\u2019agglo s\u2019ach\u00e8vera dimanche 6\u00a0juillet \u00e0 Rennes, \u00e0 17\u00a0h, sur la dalle des Poissonniers, place des Lices.<\/p>\n<p>\u00a0<\/p>\n","protected":false},"excerpt":{"rendered":"\u00ab\u00a0Les ma\u00eetres du d\u00e9sordre\u00a0\u00bb, par le collectif costarmoricain Galapiat cirque, est un spectacle de rue dans la tradition\u00a0:&hellip;\n","protected":false},"author":2,"featured_media":206591,"comment_status":"","ping_status":"","sticky":false,"template":"","format":"standard","meta":{"footnotes":""},"categories":[2821],"tags":[1111,11,3734,829,5398,14491,1777,674,849,1011,27,34549,9447,12,293,3086,584,25,3640,32868],"class_list":{"0":"post-206590","1":"post","2":"type-post","3":"status-publish","4":"format-standard","5":"has-post-thumbnail","7":"category-rennes","8":"tag-actu","9":"tag-actualites","10":"tag-art","11":"tag-bretagne","12":"tag-cirque","13":"tag-couteaux","14":"tag-eu","15":"tag-europe","16":"tag-festival","17":"tag-fr","18":"tag-france","19":"tag-galapiat","20":"tag-lance","21":"tag-news","22":"tag-nuit","23":"tag-redon","24":"tag-rennes","25":"tag-republique-francaise","26":"tag-rue","27":"tag-tombees"},"share_on_mastodon":{"url":"https:\/\/pubeurope.com\/@fr\/114751411588948056","error":""},"_links":{"self":[{"href":"https:\/\/www.europesays.com\/fr\/wp-json\/wp\/v2\/posts\/206590","targetHints":{"allow":["GET"]}}],"collection":[{"href":"https:\/\/www.europesays.com\/fr\/wp-json\/wp\/v2\/posts"}],"about":[{"href":"https:\/\/www.europesays.com\/fr\/wp-json\/wp\/v2\/types\/post"}],"author":[{"embeddable":true,"href":"https:\/\/www.europesays.com\/fr\/wp-json\/wp\/v2\/users\/2"}],"replies":[{"embeddable":true,"href":"https:\/\/www.europesays.com\/fr\/wp-json\/wp\/v2\/comments?post=206590"}],"version-history":[{"count":0,"href":"https:\/\/www.europesays.com\/fr\/wp-json\/wp\/v2\/posts\/206590\/revisions"}],"wp:featuredmedia":[{"embeddable":true,"href":"https:\/\/www.europesays.com\/fr\/wp-json\/wp\/v2\/media\/206591"}],"wp:attachment":[{"href":"https:\/\/www.europesays.com\/fr\/wp-json\/wp\/v2\/media?parent=206590"}],"wp:term":[{"taxonomy":"category","embeddable":true,"href":"https:\/\/www.europesays.com\/fr\/wp-json\/wp\/v2\/categories?post=206590"},{"taxonomy":"post_tag","embeddable":true,"href":"https:\/\/www.europesays.com\/fr\/wp-json\/wp\/v2\/tags?post=206590"}],"curies":[{"name":"wp","href":"https:\/\/api.w.org\/{rel}","templated":true}]}}