{"id":206594,"date":"2025-06-26T19:53:18","date_gmt":"2025-06-26T19:53:18","guid":{"rendered":"https:\/\/www.europesays.com\/fr\/206594\/"},"modified":"2025-06-26T19:53:18","modified_gmt":"2025-06-26T19:53:18","slug":"samedi-lopera-de-strasbourg-organise-une-grande-vente-avec-1000-costumes","status":"publish","type":"post","link":"https:\/\/www.europesays.com\/fr\/206594\/","title":{"rendered":"samedi, l\u2019Op\u00e9ra de Strasbourg organise une grande vente avec 1000 costumes"},"content":{"rendered":"<p>    <img loading=\"lazy\" width=\"1800\" height=\"900\" src=\"https:\/\/www.europesays.com\/fr\/wp-content\/uploads\/2025\/04\/jeanne-callthepolice.jpg\" class=\"attachment-full size-full\" alt=\"\" id=\"imageLove\" decoding=\"async\"  \/><\/p>\n<p id=\"breadcrumbs\"><a href=\"https:\/\/pokaa.fr\/\" target=\"_blank\" rel=\"noopener\">Accueil<\/a> \/ <a href=\"https:\/\/pokaa.fr\/categories\/ses-sorties\/\" target=\"_blank\" rel=\"noopener\">Sorties<\/a> \/ Bon plan : samedi, l\u2019Op\u00e9ra de Strasbourg organise une grande vente avec 1000 costumes<\/p>\n<p>                    Sorties<\/p>\n<p><b>Le 28 juin prochain, l\u2019Op\u00e9ra organise \u00e0 nouveau une vente de costumes en ses murs pour que les Strasbourgeois(es) repartent sap\u00e9(e)s comme jamais. Plus de 1 000 pi\u00e8ces seront disponibles, ainsi que, petite nouveaut\u00e9, quelques \u00e9l\u00e9ments du mat\u00e9riel technique, issus des ateliers son et vid\u00e9o.<\/b><\/p>\n<p class=\"p1\">Samedi, il sera temps d\u2019aller chiner les meilleures pi\u00e8ces de l\u2019Op\u00e9ra national du Rhin. Alors que ce dernier rentrera dans une impressionnante phase de travaux \u00e0 partir de 2028, <b>il organise une grande vente de costumes ce 28 juin de 14h \u00e0 18h30<\/b>.<\/p>\n<p class=\"p1\">Une fa\u00e7on de financer des actions de m\u00e9diation culturelle men\u00e9es par l\u2019Op\u00e9ra national du Rhin sur l\u2019ensemble du territoire, <b>puisque l\u2019int\u00e9gralit\u00e9 des recettes leur sera \u00e0 nouveau revers\u00e9e<\/b>. L\u2019occasion aussi pour les Strasbourgeois(es) d\u2019admirer les savoir-faire des ateliers de costume de l\u2019institution.<\/p>\n<p>                <a href=\"https:\/\/pokaa.fr\/2025\/04\/14\/budget-de-120-millions-deuros-lopera-de-strasbourg-sera-entierement-renove-dici-2033\/\" target=\"_blank\" rel=\"noopener\"><br \/>\n                    <img width=\"450\" height=\"270\" src=\"https:\/\/www.europesays.com\/fr\/wp-content\/uploads\/2025\/06\/1-450x270.png\" class=\"attachment-card-horizontal--same-subject size-card-horizontal--same-subject wp-post-image\" alt=\"\" decoding=\"async\" loading=\"lazy\"\/>                <\/a><\/p>\n<p>    <img width=\"800\" height=\"600\" src=\"https:\/\/www.europesays.com\/fr\/wp-content\/uploads\/2025\/04\/img-7386-grande-800x600.jpeg\" class=\"attachment-image-size-L size-image-size-L\" alt=\"op\u00e9ra\" decoding=\"async\" loading=\"lazy\"  \/>         \u00a9 Nicolas Kaspar \/ pokaa <\/p>\n<p>Plus de 1 000 pi\u00e8ces en vente, entre 2 \u20ac et 500 \u20ac<\/p>\n<p class=\"p1\">Concr\u00e8tement, comme l\u2019an dernier, ce seront plus de 1 000 pi\u00e8ces des ateliers de l\u2019Op\u00e9ra qui seront mises en vente. <b>Des pi\u00e8ces issues de productions lyriques et chor\u00e9graphiques, qui oscillent entre robes de bal, tutus, uniformes, toges, manteaux, costumes d\u2019\u00e9poque ou tenues de tous les jours<\/b>.<\/p>\n<p class=\"p1\">Les prix iront de 2 \u00e0 500 \u20ac. Des membres des ateliers seront sur place pour raconter l\u2019histoire des diff\u00e9rentes pi\u00e8ces.<\/p>\n<p>                <img width=\"667\" height=\"500\" src=\"https:\/\/www.europesays.com\/fr\/wp-content\/uploads\/2025\/06\/Opera-du-rhin-costumes-23.jpg\" class=\"attachment-gallery size-gallery\" alt=\"op\u00e9ra costumes\" data-full-url=\"https:\/\/www.europesays.com\/fr\/wp-content\/uploads\/2025\/06\/Opera-du-rhin-costumes-23.jpg\" decoding=\"async\" loading=\"lazy\"  \/>            <\/p>\n<p>                <img width=\"753\" height=\"500\" src=\"https:\/\/pokaa.fr\/wp-content\/uploads\/2017\/09\/op\u00e9ra-strasbourg-costumes-9.jpg\" class=\"attachment-gallery size-gallery\" alt=\"op\u00e9ra strasbourg costumes (9)\" data-full-url=\"https:\/\/pokaa.fr\/wp-content\/uploads\/2017\/09\/op\u00e9ra-strasbourg-costumes-9.jpg\" decoding=\"async\" loading=\"lazy\"  \/>            <\/p>\n<p>                <img width=\"667\" height=\"500\" src=\"https:\/\/www.europesays.com\/fr\/wp-content\/uploads\/2025\/06\/Opera-du-rhin-costumes-2.jpg\" class=\"attachment-gallery size-gallery\" alt=\"op\u00e9ra costumes th\u00e9\u00e2tre\" data-full-url=\"https:\/\/www.europesays.com\/fr\/wp-content\/uploads\/2025\/06\/Opera-du-rhin-costumes-2.jpg\" decoding=\"async\" loading=\"lazy\"  \/>            <\/p>\n<p>                    1. \u00a9 David Lev\u00eaque \/ Pokaa ; 2. \u00a9 Pokaa ; 3. \u00a9 Bastien Pietronave et C\u00e9line Delatte \/ Pokaa<\/p>\n<p>Par rapport \u00e0 l\u2019an dernier, il y a n\u00e9anmoins quelques nouveaut\u00e9s. D\u2019abord, <strong>un cr\u00e9neau sp\u00e9cial est d\u00e9di\u00e9 aux compagnies de th\u00e9\u00e2tre<\/strong>, sur inscription uniquement. Pour plus d\u2019informations, il faut contacter par courriel <a href=\"http:\/\/pokaa.fr\/cdn-cgi\/l\/email-protection#d9bcb7b6abb4b8b7ad99b6b7abf7bfab\" target=\"_blank\" rel=\"noopener\">[email\u00a0protected]<\/a>.<\/p>\n<p>Ensuite, <b>quelques \u00e9l\u00e9ments de mat\u00e9riel technique, issus des ateliers son et vid\u00e9o, seront \u00e9galement disponibles<\/b>. La liste compl\u00e8te <a href=\"https:\/\/www.operanationaldurhin.eu\/fr\/spectacles\/saison-2425\/evenements\/vente-de-costumes-de-scene-1\" target=\"_blank\" rel=\"noopener\">est disponible ici<\/a>. <strong>De quoi trouver une perle rare !<\/strong><\/p>\n<p>            Vente de costumes de l&rsquo;Op\u00e9ra de Strasbourg<\/p>\n<p>            Quoi ? <\/p>\n<p>Vente de plus de 1 000 costumes, allant de 2 \u00e0 500 \u20ac pi\u00e8ce.<\/p>\n<p>                Quand ?<\/p>\n<p>Le samedi 28 juin, de 14h \u00e0 18h30<\/p>\n<p>            o\u00f9 ?<\/p>\n<p>Op\u00e9ra national du Rhin, salle Ponnelle, 19 place Broglie<\/p>\n<p>                Plus d&rsquo;infos ?<\/p>\n<ul>\n<li>Il n\u2019y a pas de cabine d\u2019essayage.<\/li>\n<li>Pr\u00e9voir un sac pour emporter les costumes.<\/li>\n<li>Si file d\u2019attente, pr\u00e9voir de quoi se prot\u00e9ger du soleil et des fortes chaleurs.<\/li>\n<\/ul>\n<p><a href=\"https:\/\/www.operanationaldurhin.eu\/fr\/spectacles\/saison-2425\/evenements\/vente-de-costumes-de-scene-1\" target=\"_blank\" rel=\"noopener\">Toutes les infos<\/a><\/p>\n","protected":false},"excerpt":{"rendered":"Accueil \/ Sorties \/ Bon plan : samedi, l\u2019Op\u00e9ra de Strasbourg organise une grande vente avec 1000 costumes&hellip;\n","protected":false},"author":2,"featured_media":206595,"comment_status":"","ping_status":"","sticky":false,"template":"","format":"standard","meta":{"footnotes":""},"categories":[2820],"tags":[1111,11,17148,251,1777,674,1011,27,775,12,7165,25,640],"class_list":{"0":"post-206594","1":"post","2":"type-post","3":"status-publish","4":"format-standard","5":"has-post-thumbnail","7":"category-strasbourg","8":"tag-actu","9":"tag-actualites","10":"tag-costume","11":"tag-culture","12":"tag-eu","13":"tag-europe","14":"tag-fr","15":"tag-france","16":"tag-grand-est","17":"tag-news","18":"tag-opera","19":"tag-republique-francaise","20":"tag-strasbourg"},"share_on_mastodon":{"url":"https:\/\/pubeurope.com\/@fr\/114751419896520467","error":""},"_links":{"self":[{"href":"https:\/\/www.europesays.com\/fr\/wp-json\/wp\/v2\/posts\/206594","targetHints":{"allow":["GET"]}}],"collection":[{"href":"https:\/\/www.europesays.com\/fr\/wp-json\/wp\/v2\/posts"}],"about":[{"href":"https:\/\/www.europesays.com\/fr\/wp-json\/wp\/v2\/types\/post"}],"author":[{"embeddable":true,"href":"https:\/\/www.europesays.com\/fr\/wp-json\/wp\/v2\/users\/2"}],"replies":[{"embeddable":true,"href":"https:\/\/www.europesays.com\/fr\/wp-json\/wp\/v2\/comments?post=206594"}],"version-history":[{"count":0,"href":"https:\/\/www.europesays.com\/fr\/wp-json\/wp\/v2\/posts\/206594\/revisions"}],"wp:featuredmedia":[{"embeddable":true,"href":"https:\/\/www.europesays.com\/fr\/wp-json\/wp\/v2\/media\/206595"}],"wp:attachment":[{"href":"https:\/\/www.europesays.com\/fr\/wp-json\/wp\/v2\/media?parent=206594"}],"wp:term":[{"taxonomy":"category","embeddable":true,"href":"https:\/\/www.europesays.com\/fr\/wp-json\/wp\/v2\/categories?post=206594"},{"taxonomy":"post_tag","embeddable":true,"href":"https:\/\/www.europesays.com\/fr\/wp-json\/wp\/v2\/tags?post=206594"}],"curies":[{"name":"wp","href":"https:\/\/api.w.org\/{rel}","templated":true}]}}