{"id":206598,"date":"2025-06-26T19:55:11","date_gmt":"2025-06-26T19:55:11","guid":{"rendered":"https:\/\/www.europesays.com\/fr\/206598\/"},"modified":"2025-06-26T19:55:11","modified_gmt":"2025-06-26T19:55:11","slug":"il-se-produit-ce-samedi-soir-au-109-a-nice-on-a-pose-trois-questions-a-dimitri-from-panisse-dj-nicois","status":"publish","type":"post","link":"https:\/\/www.europesays.com\/fr\/206598\/","title":{"rendered":"Il se produit ce samedi soir au 109 \u00e0 Nice: on a pos\u00e9 trois questions \u00e0 Dimitri From Panisse, DJ ni\u00e7ois"},"content":{"rendered":"<p>\u00c0 l\u2019\u00e8re o\u00f9 la plupart des clubs jouent des titres populaires et commerciaux, Dimitri from Panisse cultive l\u2019art du dancefloor \u00e9clectique. Ce Ni\u00e7ois passionn\u00e9 de rythmes sud-am\u00e9ricains et de grooves ethniques bouscule les habitudes avec ses Tropical Nights, des sets o\u00f9 se croisent afro-disco, funk vintage et p\u00e9pites \u00e9lectroniques. Il sera au 109, \u00e0 Nice, ce samedi soir, mais aussi \u00e0 Tourrette-Levens le 5 juillet pour la F\u00eate de la Zonm\u00e9, avant de revenir au 109, le 9 juillet, pour Belaprem\u2019.<\/p>\n<p><strong>Comment d\u00e9cririez-vous le style des musiques que vous passez lors de vos sets?<\/strong><\/p>\n<p>Ce n\u2019est pas vraiment lin\u00e9aire, il peut y avoir de la musique du Br\u00e9sil (o\u00f9 je suis all\u00e9 deux fois), de la cumbia, de l\u2019afro, de la bass music, de la house\u2026 des musiques que j\u2019aime. Mon but, c&rsquo;est de rassembler et de faire des m\u00e9langes dans les musiques comme dans le public. Je me fais plaisir et je pense que quand on prend du plaisir, on arrive \u00e0 le transmettre.<\/p>\n<p><strong>Vous pouvez mixer en num\u00e9rique, mais aussi avec des vinyles. Comment conciliez-vous les deux?<\/strong><\/p>\n<p>Le num\u00e9rique est quand m\u00eame plus pratique, \u00e7a \u00e9vite de se trimballer des caisses et des caisses de disques. Quand je ne trouve pas certains titres, \u00e7a m\u2019arrive de num\u00e9riser des vinyles. Je suis tr\u00e8s attach\u00e9 au son. J\u2019ach\u00e8te toute ma musique, je ne pirate rien. C\u2019est important qu\u2019il soit de qualit\u00e9 et pas trop compress\u00e9. J\u2019adore chercher de nouveaux morceaux.<\/p>\n<p><strong>Justement, quel est celui que vous ayez d\u00e9nich\u00e9 et qui sera dans vos prochains sets?<\/strong><\/p>\n<p>Le dernier en date, c&rsquo;est Wheel &amp; Bubble, de Sam Interface, un anglais qui fait de la bass music et qui utilise beaucoup de musiques africaines, Van Basten et Swappi. Je trouve que c\u2019est un morceau qui r\u00e9sume bien mes go\u00fbts.<\/p>\n<p><strong>Samedi 28 juin au 109 \u00e0 Nice. Entr\u00e9e libre. Samedi 5 juillet \u00e0 Tourrette-Levens (Tarifs de 15 \u00e0 40 euros. Rens. sur lazonme.fr) et Mercredi 9 juillet au 109, \u00e0 Nice, pour Belaprem\u2019. Entr\u00e9e libre.<\/strong><\/p>\n","protected":false},"excerpt":{"rendered":"\u00c0 l\u2019\u00e8re o\u00f9 la plupart des clubs jouent des titres populaires et commerciaux, Dimitri from Panisse cultive l\u2019art&hellip;\n","protected":false},"author":2,"featured_media":206599,"comment_status":"","ping_status":"","sticky":false,"template":"","format":"standard","meta":{"footnotes":""},"categories":[2819],"tags":[1111,11,4156,251,1777,674,1011,27,12,2401,882,25],"class_list":{"0":"post-206598","1":"post","2":"type-post","3":"status-publish","4":"format-standard","5":"has-post-thumbnail","7":"category-nice","8":"tag-actu","9":"tag-actualites","10":"tag-concerts","11":"tag-culture","12":"tag-eu","13":"tag-europe","14":"tag-fr","15":"tag-france","16":"tag-news","17":"tag-nice","18":"tag-provence-alpes-cote-dazur","19":"tag-republique-francaise"},"share_on_mastodon":{"url":"https:\/\/pubeurope.com\/@fr\/114751427329593418","error":""},"_links":{"self":[{"href":"https:\/\/www.europesays.com\/fr\/wp-json\/wp\/v2\/posts\/206598","targetHints":{"allow":["GET"]}}],"collection":[{"href":"https:\/\/www.europesays.com\/fr\/wp-json\/wp\/v2\/posts"}],"about":[{"href":"https:\/\/www.europesays.com\/fr\/wp-json\/wp\/v2\/types\/post"}],"author":[{"embeddable":true,"href":"https:\/\/www.europesays.com\/fr\/wp-json\/wp\/v2\/users\/2"}],"replies":[{"embeddable":true,"href":"https:\/\/www.europesays.com\/fr\/wp-json\/wp\/v2\/comments?post=206598"}],"version-history":[{"count":0,"href":"https:\/\/www.europesays.com\/fr\/wp-json\/wp\/v2\/posts\/206598\/revisions"}],"wp:featuredmedia":[{"embeddable":true,"href":"https:\/\/www.europesays.com\/fr\/wp-json\/wp\/v2\/media\/206599"}],"wp:attachment":[{"href":"https:\/\/www.europesays.com\/fr\/wp-json\/wp\/v2\/media?parent=206598"}],"wp:term":[{"taxonomy":"category","embeddable":true,"href":"https:\/\/www.europesays.com\/fr\/wp-json\/wp\/v2\/categories?post=206598"},{"taxonomy":"post_tag","embeddable":true,"href":"https:\/\/www.europesays.com\/fr\/wp-json\/wp\/v2\/tags?post=206598"}],"curies":[{"name":"wp","href":"https:\/\/api.w.org\/{rel}","templated":true}]}}