{"id":20661,"date":"2025-04-12T21:46:09","date_gmt":"2025-04-12T21:46:09","guid":{"rendered":"https:\/\/www.europesays.com\/fr\/20661\/"},"modified":"2025-04-12T21:46:09","modified_gmt":"2025-04-12T21:46:09","slug":"flavie-flament-destabilisee-face-a-alexandra-lamy-on-a-eu-un-petit-probleme","status":"publish","type":"post","link":"https:\/\/www.europesays.com\/fr\/20661\/","title":{"rendered":"Flavie Flament d\u00e9stabilis\u00e9e face \u00e0 Alexandra Lamy, \u00ab\u00a0On a eu un petit probl\u00e8me\u00a0\u00bb"},"content":{"rendered":"<p>Voil\u00e0 plusieurs mois que Flavie Flament a pris les commandes de<br \/>\nT\u00e9l\u00e9matin sur France 2. Un changement de vie radical,<br \/>\npuisqu\u00a0\u00bbil s&rsquo;agit d&rsquo;une \u00e9mission matinale et forc\u00e9ment, le r\u00e9veil<br \/>\nest t\u00f4t&#8230; Tr\u00e8s t\u00f4t ! \u00c0 cela, il faut ajouter que l&rsquo;\u00e9mission est en<br \/>\ndirect. <strong>\u00ab\u00a0On s&rsquo;est pris un bus, c&rsquo;est un peu<br \/>\ndifficile\u00a0\u00bb<\/strong>, a alors d\u00e9clar\u00e9 Flavie Flament dans<br \/>\nl&rsquo;\u00e9mission Quelle \u00e9poque anim\u00e9e par L\u00e9a Salam\u00e9.<\/p>\n<p>\u00ab\u00a0C&rsquo;est une \u00e9mission que j&rsquo;ai toujours trouv\u00e9e hyper<br \/>\nint\u00e9ressante\u00a0\u00bb<\/p>\n<p>Malgr\u00e9 le changement de rythme assez difficile, <a href=\"https:\/\/www.melty.fr\/people\/flavie-flament-en-froid-avec-son-frere-jusqua-sa-mort-il-na-pas-cru-quelle-avait-ete-violee-2226396.html\" target=\"_blank\" rel=\"noopener\"><br \/>\ncelle qui a \u00e9t\u00e9 en froid avec son fr\u00e8re jusqu&rsquo;au jour de sa<br \/>\nmort<\/a> ne regrette absolument pas d&rsquo;avoir accept\u00e9 le challenge.<br \/>\nAvant m\u00eame de l&rsquo;animer, Flavie Flament regardait<br \/>\nT\u00e9l\u00e9matin, alors lorsqu&rsquo;elle a eu l&rsquo;opportunit\u00e9 d&rsquo;y<br \/>\ntravailler, \u00e7a a \u00e9t\u00e9 un grand oui.<\/p>\n<p>\u00ab\u00a0<strong>\u00c7a a \u00e9t\u00e9 imm\u00e9diat parce que c&rsquo;est une \u00e9mission que<br \/>\nj&rsquo;ai toujours trouv\u00e9e hyper int\u00e9ressante.<\/strong> Ces \u00e9missions<br \/>\nqui se font en direct, dans lesquelles on peut traiter \u00e0 la fois<br \/>\nd&rsquo;actualit\u00e9, d&rsquo;infos plus l\u00e9g\u00e8res, de soci\u00e9t\u00e9, de nouvelles<br \/>\ntechnologiques, de toutes ces rubriques qui viennent l&rsquo;agr\u00e9menter,<br \/>\nc&rsquo;est un d\u00e9fi que j&rsquo;avais tr\u00e8s envie de relever\u00a0\u00bb, t-elle<br \/>\najout\u00e9.<\/p>\n<p>Flavie Flament confront\u00e9e \u00e0 des probl\u00e8mes techniques face \u00e0<br \/>\nAlexandra Lamy<\/p>\n<p>En novembre dernier, Alexandra Lamy s&rsquo;est rendue le plateau de<br \/>\nT\u00e9l\u00e9matin dans le cadre de la promotion de son dernier<br \/>\nfilm, Louise Violet. <strong>Pour l&rsquo;occasion, Flavie<br \/>\nFlament et Samuel Ollivier ont pr\u00e9vu une jolie surprise \u00e0 leur<br \/>\ninvit\u00e9e, puisqu&rsquo;un duplex avec son ancienne professeure de th\u00e9\u00e2tre<br \/>\ndu conservatoire de N\u00eemes \u00e9tait au programme.<\/strong> Mais les<br \/>\nprobl\u00e8mes techniques ont tr\u00e8s rapidement point\u00e9 le bout de leur nez<br \/>\net finalement, rien ne s&rsquo;est d\u00e9roul\u00e9 comme pr\u00e9vu.<\/p>\n<p><strong>Pendant le duplex, la professeure de th\u00e9\u00e2tre a \u00e9t\u00e9<br \/>\ninterrompue par la publicit\u00e9.<\/strong> Les techniciens ont alors<br \/>\ncoup\u00e9 la publicit\u00e9 afin de redonner la parole \u00e0 Alexandra Lamy et<br \/>\nson ancienne enseignante. Mais l\u00e0 encore, une nouvelle publicit\u00e9 a<br \/>\ninterrompu la discussion entre la com\u00e9dienne et son ex-prof. Pour<br \/>\nce second bug, les techniciens ont mis plus de temps \u00e0 revenir au<br \/>\nduplex. Les t\u00e9l\u00e9spectateurs de France 2 ont alors d\u00fb attendre trois<br \/>\nminutes pour retrouver leur programme matinal.<\/p>\n<p>\u00ab\u00a0On a appuy\u00e9 sur tous les boutons<br \/>\nen m\u00eame temps !\u00a0\u00bb<\/p>\n<p>Une fois l&rsquo;antenne revenue, <a href=\"https:\/\/www.melty.fr\/people\/flavie-flament-evoque-ses-rapports-difficiles-avec-sa-mere-moche-et-grosse-2207644.html\" target=\"_blank\" rel=\"noopener\"><br \/>\ncelle qui a \u00e9voqu\u00e9 sa relation assez difficile avec sa m\u00e8r<\/a>e a<br \/>\nd\u00e9clar\u00e9 : \u00ab\u00a0Voil\u00e0, c&rsquo;est la suite de T\u00e9l\u00e9matin.<br \/>\nBah,\u00a0<strong>quand on vous dit qu&rsquo;on est en direct\u00a0quand<br \/>\non prend l&rsquo;antenne \u00e0 6h30, eh bien ce n&rsquo;est pas faux, voil\u00e0, la<br \/>\npreuve, c&rsquo;est qu&rsquo;on\u00a0a eu un petit probl\u00e8me technique<br \/>\n!<\/strong>\u00ab\u00a0.<\/p>\n<p>De son c\u00f4t\u00e9, Samuel Ollivier a pr\u00e9cis\u00e9 : <strong>\u00ab\u00a0On a<br \/>\nappuy\u00e9 sur tous les boutons en m\u00eame temps !\u00a0\u00bb<\/strong> Flavie<br \/>\nFlament a fini par conclure : <strong>\u00ab\u00a0On a appuy\u00e9 sur tous les<br \/>\nboutons en m\u00eame temps, c&rsquo;est parti !\u00a0La pub est partie, donc<br \/>\non se retrouve avec Alexandra Lamy, donc, qui est notre invit\u00e9e et<br \/>\nqu&rsquo;on retrouve au cin\u00e9ma dans le film Louise Violet, qu&rsquo;on a ador\u00e9<br \/>\nici !\u00a0\u00bb<\/strong> Les al\u00e9as du direct n&rsquo;auront pas entach\u00e9 la<br \/>\nbonne humeur du duo d&rsquo;animateurs, pas plus que celle d&rsquo;Alexandra<br \/>\nLamy qui a pu poursuivre la promotion de son film.<\/p>\n","protected":false},"excerpt":{"rendered":"Voil\u00e0 plusieurs mois que Flavie Flament a pris les commandes de T\u00e9l\u00e9matin sur France 2. Un changement de&hellip;\n","protected":false},"author":2,"featured_media":20662,"comment_status":"","ping_status":"","sticky":false,"template":"","format":"standard","meta":{"footnotes":""},"categories":[1359],"tags":[4468,58,59,7844,1011,27,973],"class_list":{"0":"post-20661","1":"post","2":"type-post","3":"status-publish","4":"format-standard","5":"has-post-thumbnail","7":"category-people","8":"tag-alexandra-lamy","9":"tag-divertissement","10":"tag-entertainment","11":"tag-flavie-flament","12":"tag-fr","13":"tag-france","14":"tag-people"},"share_on_mastodon":{"url":"https:\/\/pubeurope.com\/@fr\/114327190598575836","error":""},"_links":{"self":[{"href":"https:\/\/www.europesays.com\/fr\/wp-json\/wp\/v2\/posts\/20661","targetHints":{"allow":["GET"]}}],"collection":[{"href":"https:\/\/www.europesays.com\/fr\/wp-json\/wp\/v2\/posts"}],"about":[{"href":"https:\/\/www.europesays.com\/fr\/wp-json\/wp\/v2\/types\/post"}],"author":[{"embeddable":true,"href":"https:\/\/www.europesays.com\/fr\/wp-json\/wp\/v2\/users\/2"}],"replies":[{"embeddable":true,"href":"https:\/\/www.europesays.com\/fr\/wp-json\/wp\/v2\/comments?post=20661"}],"version-history":[{"count":0,"href":"https:\/\/www.europesays.com\/fr\/wp-json\/wp\/v2\/posts\/20661\/revisions"}],"wp:featuredmedia":[{"embeddable":true,"href":"https:\/\/www.europesays.com\/fr\/wp-json\/wp\/v2\/media\/20662"}],"wp:attachment":[{"href":"https:\/\/www.europesays.com\/fr\/wp-json\/wp\/v2\/media?parent=20661"}],"wp:term":[{"taxonomy":"category","embeddable":true,"href":"https:\/\/www.europesays.com\/fr\/wp-json\/wp\/v2\/categories?post=20661"},{"taxonomy":"post_tag","embeddable":true,"href":"https:\/\/www.europesays.com\/fr\/wp-json\/wp\/v2\/tags?post=20661"}],"curies":[{"name":"wp","href":"https:\/\/api.w.org\/{rel}","templated":true}]}}