{"id":206622,"date":"2025-06-26T20:08:18","date_gmt":"2025-06-26T20:08:18","guid":{"rendered":"https:\/\/www.europesays.com\/fr\/206622\/"},"modified":"2025-06-26T20:08:18","modified_gmt":"2025-06-26T20:08:18","slug":"le-parc-de-la-tete-dor-fourmille-de-projets","status":"publish","type":"post","link":"https:\/\/www.europesays.com\/fr\/206622\/","title":{"rendered":"le parc de la T\u00eate d&rsquo;Or fourmille de projets"},"content":{"rendered":"<p>\nPoumon vert de 105 ha au c\u0153ur de Lyon (Rh\u00f4ne), le parc de la T\u00eate d&rsquo;Or, qui date de 1857, est en pleine effervescence. \u00ab Ce lieu est un \u00e9l\u00e9ment de patrimoine et un havre pour la biodiversit\u00e9, rappelle Gr\u00e9gory Doucet, maire (EELV) de Lyon. Il a aussi un certain nombre de d\u00e9fis \u00e0 relever pour faire face au r\u00e9chauffement climatique et \u00e0 l&rsquo;intensification des usages. \u00bb Fort de sept millions de visiteurs annuels, le parc pr\u00e9pare son avenir. La Ville a ainsi fl\u00e9ch\u00e9 15 M\u20ac dans son plan pluriannuel d&rsquo;investissement et travaille \u00e0 la refonte de la charte qui le r\u00e9git depuis 1997.<\/p>\n<p><b>Ecole \u00e0 ciel ouvert<\/b><\/p>\n<p>\nLe r\u00e9am\u00e9nagement du jardin de l&rsquo;Ecole de botanique et la restauration de ses petites serres, ainsi que l&rsquo;\u00e9volution du parc zoologique sont les principaux chantiers en cours. D&rsquo;une surface de 8 ha, le jardin botanique, cr\u00e9\u00e9 en 1763, est \u00e0 la fois outil de travail, de pr\u00e9servation et de conservation des plantes, mais aussi de m\u00e9diation. Port\u00e9 en ma\u00eetrise d&rsquo;\u0153uvre interne \u00e0 la Ville, le r\u00e9am\u00e9nagement du jardin de plein air dont les travaux en r\u00e9gie s&rsquo;ach\u00e8veront \u00e0 l&rsquo;automne s&rsquo;inscrit dans le dessin originel de Denis et Eug\u00e8ne B\u00fchler. \u00ab Nous avons voulu retrouver la volont\u00e9 des concepteurs d&rsquo;avoir une \u00e9cole des fruitiers, des vignes, de pouvoir expliquer la botanique aux \u00e9tudiants avec cette \u00e9cole \u00e0 ciel ouvert \u00bb, rappelle Juliette Babin, directrice du jardin botanique.<\/p>\n<p>\nLe dessin du nouveau projet englobe deux volets. D&rsquo;abord un secteur syst\u00e9matique qui propose une classification scientifique des plantes. Il est compos\u00e9 de massifs, de placettes rondes pour marquer des transitions entre les diff\u00e9rents v\u00e9g\u00e9taux. Le deuxi\u00e8me secteur, ethnobotanique, entend valoriser les usages et l&rsquo;histoire lyonnaise des plantes (textile\/soie, gastronomie, agriculture\/agronomie). \u00ab Nous profitons de ces travaux pour revoir l&rsquo;infiltration des eaux pluviales dans les all\u00e9es en cr\u00e9ant des tranch\u00e9es et des puits perdus \u00bb, ajoute la paysagiste Isaure Laot. Un budget de 550 000 euros a \u00e9t\u00e9 allou\u00e9 \u00e0 ces am\u00e9nagements.<\/p>\n<p>\nTr\u00e8s d\u00e9labr\u00e9es, les petites serres &#8211; dont 60 % sont ferm\u00e9es depuis 2006 &#8211; entrent \u00e9galement en chantier, phas\u00e9 en quatre tranches. \u00ab Ces travaux r\u00e9pondent \u00e0 un enjeu patrimonial, mais aussi de conservation du vivant et d&rsquo;\u00e9ducation scientifique et technique \u00bb, pr\u00e9cise Sylvain Godinot, adjoint au maire de Lyon charg\u00e9 du patrimoine. Ce sera aussi pour les \u00e9quipes de botanistes l&rsquo;occasion de retrouver des espaces de travail plus adapt\u00e9s.<\/p>\n<p>\nLa premi\u00e8re tranche, conduite sous la houlette de l&rsquo;agence RL &amp; A Architectes (mandataire), int\u00e8gre la d\u00e9molition de serres en partie centrale, la restauration-restitution de cinq pavillons et la reconstruction d&rsquo;une partie (un quart de la surface) de la grande serre centrale qui abritera le premier des quatre biomes. Elle est chiffr\u00e9e \u00e0 9 M\u20ac, dont 1,2 M\u20ac apport\u00e9 par la r\u00e9gion, 1 M\u20ac par l&rsquo;Etat et 1 M\u20ac de souscriptions priv\u00e9es attendues (Fondation du patrimoine).<\/p>\n<blockquote class=\"editoOutOfText\">\n<p>\n<strong>La Ville a fl\u00e9ch\u00e9 15 M\u20ac dans son plan pluriannuel d&rsquo;investissement pour la transformation du parc.<\/strong><\/p>\n<\/blockquote>\n<p><b>Cuve de r\u00e9cup\u00e9ration des eaux de pluie de 73 m3<\/b><\/p>\n<p>\nCharg\u00e9e des travaux de curage, de d\u00e9samiantage et de d\u00e9molition jusqu&rsquo;\u00e0 fin octobre, l&rsquo;entreprise Soterly est \u00e0 l&rsquo;\u0153uvre. \u00ab C&rsquo;est un travail minutieux car nous devons veiller \u00e0 ne pas endommager les structures de pavillons qui seront r\u00e9habilit\u00e9s, souligne Fran\u00e7ois Guinet, directeur de travaux. L&rsquo;ensemble des mat\u00e9riaux &#8211; pierre, ferraille et verre &#8211; seront recycl\u00e9s ou r\u00e9employ\u00e9s, comme les couvertines en pierre. \u00bb Une cuve de r\u00e9cup\u00e9ration des eaux de pluie de 73 m3 sera construite lors de cette phase.<\/p>\n<p>\nL&rsquo;\u00e9laboration du futur sch\u00e9ma directeur du parc zoologique doit d\u00e9boucher sur de nouvelles orientations visant la conservation des esp\u00e8ces et le bien-\u00eatre animal. Sans attendre, des travaux de v\u00e9g\u00e9talisation, de d\u00e9simperm\u00e9abilisation et de cr\u00e9ation de sens de circulation ont d\u00e9marr\u00e9 en mai dernier pour six mois et pour 500 000 euros.<\/p>\n<blockquote class=\"editoOutOfText\">\n<p>\n<strong>Le Chalet du parc rouvrira ses portes en septembre 2026<\/strong><\/p>\n<p>\nFerm\u00e9 depuis 2013, le Chalet du parc entre enfin en travaux.<\/p>\n<p>\nProjet priv\u00e9 remport\u00e9 par le promoteur Youse (avec l&rsquo;investisseur Evolem et la Banque des territoires) accompagn\u00e9 de l&rsquo;agence LFA et de Charlotte Verg\u00e9ly, architecte du patrimoine, dans le cadre d&rsquo;un AMI de la Ville, il vise la r\u00e9habilitation et la transformation du b\u00e2timent de 1963 en un tiers-lieu de la transition \u00e9cologique.<\/p>\n<p>\nExploit\u00e9 par la fondation GoodPlanet et La Fabuleuse Cantine, il regroupera sur 1 700 m\u00b2 un lieu de restauration, des espaces \u00e9v\u00e9nementiel et de sensibilisation du grand public \u00e0 l&rsquo;\u00e9cologie et accueillera des artistes en r\u00e9sidence.<\/p>\n<p>\nCe projet, r\u00e9alis\u00e9 dans le cadre d&rsquo;un bail emphyt\u00e9otique de cinquante ans, n\u00e9cessitera 7 M\u20ac (dont 5 M\u20ac de travaux) pour \u00ab rendre ce b\u00e2timent performant au niveau \u00e9nerg\u00e9tique et l&rsquo;adapter \u00e0 de nouveaux usages \u00bb, indique Antoine Trollat, architecte de LFA.<\/p>\n<\/blockquote>\n","protected":false},"excerpt":{"rendered":"Poumon vert de 105 ha au c\u0153ur de Lyon (Rh\u00f4ne), le parc de la T\u00eate d&rsquo;Or, qui date&hellip;\n","protected":false},"author":2,"featured_media":206623,"comment_status":"","ping_status":"","sticky":false,"template":"","format":"standard","meta":{"footnotes":""},"categories":[1889],"tags":[1111,11,2430,1130,21659,1777,674,1011,27,2428,12,19470,25,2429],"class_list":{"0":"post-206622","1":"post","2":"type-post","3":"status-publish","4":"format-standard","5":"has-post-thumbnail","7":"category-lyon","8":"tag-actu","9":"tag-actualites","10":"tag-auvergne-rhone-alpes","11":"tag-biodiversite","12":"tag-espaces-verts","13":"tag-eu","14":"tag-europe","15":"tag-fr","16":"tag-france","17":"tag-lyon","18":"tag-news","19":"tag-paysage","20":"tag-republique-francaise","21":"tag-rhone"},"share_on_mastodon":{"url":"https:\/\/pubeurope.com\/@fr\/114751478435413366","error":""},"_links":{"self":[{"href":"https:\/\/www.europesays.com\/fr\/wp-json\/wp\/v2\/posts\/206622","targetHints":{"allow":["GET"]}}],"collection":[{"href":"https:\/\/www.europesays.com\/fr\/wp-json\/wp\/v2\/posts"}],"about":[{"href":"https:\/\/www.europesays.com\/fr\/wp-json\/wp\/v2\/types\/post"}],"author":[{"embeddable":true,"href":"https:\/\/www.europesays.com\/fr\/wp-json\/wp\/v2\/users\/2"}],"replies":[{"embeddable":true,"href":"https:\/\/www.europesays.com\/fr\/wp-json\/wp\/v2\/comments?post=206622"}],"version-history":[{"count":0,"href":"https:\/\/www.europesays.com\/fr\/wp-json\/wp\/v2\/posts\/206622\/revisions"}],"wp:featuredmedia":[{"embeddable":true,"href":"https:\/\/www.europesays.com\/fr\/wp-json\/wp\/v2\/media\/206623"}],"wp:attachment":[{"href":"https:\/\/www.europesays.com\/fr\/wp-json\/wp\/v2\/media?parent=206622"}],"wp:term":[{"taxonomy":"category","embeddable":true,"href":"https:\/\/www.europesays.com\/fr\/wp-json\/wp\/v2\/categories?post=206622"},{"taxonomy":"post_tag","embeddable":true,"href":"https:\/\/www.europesays.com\/fr\/wp-json\/wp\/v2\/tags?post=206622"}],"curies":[{"name":"wp","href":"https:\/\/api.w.org\/{rel}","templated":true}]}}