{"id":206624,"date":"2025-06-26T20:09:09","date_gmt":"2025-06-26T20:09:09","guid":{"rendered":"https:\/\/www.europesays.com\/fr\/206624\/"},"modified":"2025-06-26T20:09:09","modified_gmt":"2025-06-26T20:09:09","slug":"lagence-fitch-confirme-la-note-aa-de-la-region","status":"publish","type":"post","link":"https:\/\/www.europesays.com\/fr\/206624\/","title":{"rendered":"L\u2019agence Fitch confirme la note AA- de la R\u00e9gion"},"content":{"rendered":"<p>L\u2019agence de notation financi\u00e8re Fitch ratings a confirm\u00e9, mardi, la note AA-, perspective n\u00e9gative, du Conseil r\u00e9gional d\u2019Ile-de-France. \u00ab\u00a0La note financi\u00e8re de la R\u00e9gion Ile-de-France est plafonn\u00e9e par celle de l\u2019Etat mais ses fondamentaux restent meilleurs, ce qui lui vaut le maintien de la note intrins\u00e8que de aa+ \u00bb, pr\u00e9cise la collectivit\u00e9.<\/p>\n<p>\u00ab\u00a0La robustesse et la soutenabilit\u00e9 de la dette r\u00e9gionale, un acc\u00e8s facilit\u00e9 et diversifi\u00e9 aux liquidit\u00e9s et la flexibilit\u00e9 de ses d\u00e9penses marqu\u00e9e par la ma\u00eetrise des d\u00e9penses de fonctionnement, ont permis de pr\u00e9server les perspectives financi\u00e8res de la R\u00e9gion \u00bb, explique encore le Conseil r\u00e9gional qui vante une capacit\u00e9 de d\u00e9sendettement \u00ab\u00a0solide\u00a0\u00bb (moins de 7 ans) et un taux d\u2019\u00e9pargne brute \u00ab\u00a0confortable\u00a0\u00bb (28%).<\/p>\n","protected":false},"excerpt":{"rendered":"L\u2019agence de notation financi\u00e8re Fitch ratings a confirm\u00e9, mardi, la note AA-, perspective n\u00e9gative, du Conseil r\u00e9gional d\u2019Ile-de-France.&hellip;\n","protected":false},"author":2,"featured_media":206625,"comment_status":"","ping_status":"","sticky":false,"template":"","format":"standard","meta":{"footnotes":""},"categories":[1592],"tags":[1111,11,34555,34556,20741,6327,34557,1777,674,9467,34558,1011,27,662,12,377,626,25,34559,34554],"class_list":{"0":"post-206624","1":"post","2":"type-post","3":"status-publish","4":"format-standard","5":"has-post-thumbnail","7":"category-ile-de-france","8":"tag-actu","9":"tag-actualites","10":"tag-agence-de-notation-financiu00e8re","11":"tag-capacitu00e9-de-du00e9sendettement","12":"tag-conseil-ru00e9gional","13":"tag-dette","14":"tag-du00e9penses","15":"tag-eu","16":"tag-europe","17":"tag-finances","18":"tag-fitch","19":"tag-fr","20":"tag-france","21":"tag-ile-de-france","22":"tag-news","23":"tag-note","24":"tag-paris","25":"tag-republique-francaise","26":"tag-taux-du2019u00e9pargne-brute","27":"tag-u00ab-aa-u00bb"},"share_on_mastodon":{"url":"https:\/\/pubeurope.com\/@fr\/114751482741370962","error":""},"_links":{"self":[{"href":"https:\/\/www.europesays.com\/fr\/wp-json\/wp\/v2\/posts\/206624","targetHints":{"allow":["GET"]}}],"collection":[{"href":"https:\/\/www.europesays.com\/fr\/wp-json\/wp\/v2\/posts"}],"about":[{"href":"https:\/\/www.europesays.com\/fr\/wp-json\/wp\/v2\/types\/post"}],"author":[{"embeddable":true,"href":"https:\/\/www.europesays.com\/fr\/wp-json\/wp\/v2\/users\/2"}],"replies":[{"embeddable":true,"href":"https:\/\/www.europesays.com\/fr\/wp-json\/wp\/v2\/comments?post=206624"}],"version-history":[{"count":0,"href":"https:\/\/www.europesays.com\/fr\/wp-json\/wp\/v2\/posts\/206624\/revisions"}],"wp:featuredmedia":[{"embeddable":true,"href":"https:\/\/www.europesays.com\/fr\/wp-json\/wp\/v2\/media\/206625"}],"wp:attachment":[{"href":"https:\/\/www.europesays.com\/fr\/wp-json\/wp\/v2\/media?parent=206624"}],"wp:term":[{"taxonomy":"category","embeddable":true,"href":"https:\/\/www.europesays.com\/fr\/wp-json\/wp\/v2\/categories?post=206624"},{"taxonomy":"post_tag","embeddable":true,"href":"https:\/\/www.europesays.com\/fr\/wp-json\/wp\/v2\/tags?post=206624"}],"curies":[{"name":"wp","href":"https:\/\/api.w.org\/{rel}","templated":true}]}}