{"id":206626,"date":"2025-06-26T20:10:17","date_gmt":"2025-06-26T20:10:17","guid":{"rendered":"https:\/\/www.europesays.com\/fr\/206626\/"},"modified":"2025-06-26T20:10:17","modified_gmt":"2025-06-26T20:10:17","slug":"une-nuit-marquee-par-des-orages-dantesques-face-a-face-mortel-avec-un-camion-linfo-en-ile-de-france","status":"publish","type":"post","link":"https:\/\/www.europesays.com\/fr\/206626\/","title":{"rendered":"Une nuit marqu\u00e9e par des orages dantesques, face \u00e0 face mortel avec un camion&#8230; l&rsquo;info en Ile-de-France"},"content":{"rendered":"<p>            Par<br \/>\n        <strong><br \/>\n            <a href=\"https:\/\/actu.fr\/auteur\/redaction-lerepublique\" title=\"Consulter tous les articles de R\u00e9daction La R\u00e9publique de Seine et Marne\" rel=\"nofollow noopener\" target=\"_blank\">R\u00e9daction La R\u00e9publique de Seine et Marne<\/a><br \/>\n        <\/strong><\/p>\n<p>        Publi\u00e9 le<\/p>\n<p>            26 juin 2025 \u00e0 12h13        <\/p>\n<p>Le ciel de\u00a0<a href=\"https:\/\/actu.fr\/paris\/dernieres-actus\" rel=\"nofollow noopener\" target=\"_blank\">Paris<\/a>\u00a0et sa petite couronne ont commenc\u00e9 \u00e0 s\u2019assombrir vers 20\u00a0heures, ce mercredi 25\u00a0juin 2025. Puis de premiers grondements se sont fait entendre. Les pr\u00e9mices du violent\u00a0<a href=\"https:\/\/actu.fr\/tag\/orages\" rel=\"nofollow noopener\" target=\"_blank\">orage<\/a>\u00a0annonc\u00e9 par<a href=\"https:\/\/actu.fr\/tag\/meteo-france\" rel=\"nofollow noopener\" target=\"_blank\">\u00a0M\u00e9t\u00e9o-France<\/a>\u00a0et pour lequel la r\u00e9gion avait \u00e9t\u00e9 plac\u00e9e en\u00a0<a href=\"https:\/\/actu.fr\/meteo\/orages-violents-grele-meteo-france-renforce-la-vigilance-a-paris-et-en-ile-de-france_62820720.html\" rel=\"nofollow noopener\" target=\"_blank\">vigilance orange<\/a>.<\/p>\n<p class=\" wall-content\">La vid\u00e9o prise par R\u00e9mi Buisine a \u00e9t\u00e9 vue des milliers de fois et abondamment partag\u00e9e, par les forces de l\u2019ordre elles-m\u00eames. Pendant les\u00a0<a href=\"https:\/\/actu.fr\/ile-de-france\/paris_75056\/video-arbres-arraches-metro-inonde-un-orage-dantesque-s-abat-sur-paris-les-degats-deja-nombreux_62826681.html\" rel=\"nofollow noopener\" target=\"_blank\">violents orages qui se sont abattus<\/a>\u00a0au-dessus de\u00a0<a href=\"https:\/\/actu.fr\/paris\/dernieres-actus\" rel=\"nofollow noopener\" target=\"_blank\">Paris<\/a>\u00a0et sa r\u00e9gion mercredi 25\u00a0juin 2025 au soir, le journaliste et vid\u00e9aste de\u00a0Brut\u00a0a captur\u00e9 une sc\u00e8ne plut\u00f4t cocasse.<\/p>\n<p class=\" wall-content\">Apr\u00e8s les fortes chaleurs de ces derniers jours, de\u00a0<a href=\"https:\/\/actu.fr\/meteo\/grele-trains-annules-chutes-d-arbres-voici-le-bilan-des-violents-orages-en-france_62826310.html\" rel=\"nofollow noopener\" target=\"_blank\">violents orages\u00a0<\/a>\u00e9taient annonc\u00e9s pour la fin de journ\u00e9e du mercredi 25 et la matin\u00e9e du jeudi 26 juin 2025. Et, la\u00a0<a href=\"https:\/\/actu.fr\/le-pays-briard\/\" rel=\"nofollow noopener\" target=\"_blank\">Seine-et-Marne<\/a>\u00a0n\u2019a pas \u00e9t\u00e9 \u00e9pargn\u00e9e si bien que le d\u00e9partement a \u00e9t\u00e9 celui ou le\u00a0<b>plus grand nombre d\u2019\u00e9clairs a \u00e9t\u00e9 r\u00e9pertori\u00e9 depuis minuit ce jeudi.<\/b>\u00a0En effet, selon le site sp\u00e9cialis\u00e9\u00a0<a href=\"https:\/\/www.keraunos.org\/orages-en-direct-france-foudre-statistiques-eclairs-temps-reel-activite-electrique-suivi-26-juin-2025.html\" rel=\"nofollow noopener\" target=\"_blank\">Keraunos<\/a>,\u00a0<b>1187 \u00e9clairs ont touch\u00e9 le 77<\/b>\u00a0depuis minuit. Un total qui porte le d\u00e9partement en premi\u00e8re position devant l\u2019Ardennes avec 1038 \u00e9clairs et la C\u00f4te-d\u2019Or avec 925.\u00a0<b>Le top 5 est compl\u00e9t\u00e9 par la Marne et l\u2019Aisne<\/b>\u00a0avec respectivement 684 et 602 \u00e9clairs.<\/p>\n<p class=\" wall-content\">La\u00a0<b>boulangerie-p\u00e2tisserie<\/b>\u00a0Au c\u0153ur des pains, situ\u00e9e rue du Commerce, \u00e0\u00a0<a href=\"https:\/\/actu.fr\/ile-de-france\/eragny_95218\" rel=\"nofollow noopener\" target=\"_blank\">\u00c9ragny-sur-Oise<\/a>, a fait l\u2019objet d\u2019une\u00a0<b>fermeture administrative<\/b>\u00a0ordonn\u00e9e par le\u00a0<b>pr\u00e9fet du Val-d\u2019Oise<\/b>, ce mercredi 25 juin 2025.<\/p>\n<p class=\" wall-content\">Un nouveau\u00a0<b>drame de la route<\/b>\u00a0s\u2019est produit en\u00a0<a href=\"https:\/\/actu.fr\/la-republique-de-seine-et-marne\/\" rel=\"nofollow noopener\" target=\"_blank\">Seine-et-Marne<\/a>. Le mercredi 25 juin 2025, vers 17\u2009h\u200920,<b>\u00a0un automobiliste<\/b>\u00a0a perdu le contr\u00f4le de sa Renault Modus et<b>\u00a0a percut\u00e9<\/b>\u00a0de face\u00a0<b>un poids lourd<\/b>\u00a0sur\u00a0<b>la RD 1\u2009036<\/b>\u00a0(ex-RN 36) \u00e0 hauteur de\u00a0<a href=\"https:\/\/actu.fr\/ile-de-france\/fontenay-tresigny_77192\" rel=\"nofollow noopener\" target=\"_blank\">Fontenay-Tr\u00e9signy<\/a>, au lieu-dit du Bois-de-la-Justice.<\/p>\n<p>Les informations \u00e0 retenir ce jeudi 26 juin 2025, \u00e0 midi, en \u00cele-de-France<\/p>\n<p class=\"expresso-item wall-content\"><strong>Paris. <\/strong><a title=\"Lire l&#039;article\" href=\"https:\/\/actu.fr\/ile-de-france\/paris_75056\/video-violents-orages-a-paris-une-voiture-de-police-diffuse-la-musique-de-titanic-dans-une-rue-inondee_62827196.html\" rel=\"nofollow noopener\" target=\"_blank\"><strong>Violents orages : une voiture de police diffuse la musique de \u00ab\u00a0Titanic\u00a0\u00bb dans une rue inond\u00e9e<\/strong><\/a><br \/>La police n\u2019a pas manqu\u00e9 d\u2019humour mercredi 25 juin 2025 au soir en diffusant la musique de \u00ab\u00a0Titanic\u00a0\u00bb lors de son passage dans une rue inond\u00e9e de la capitale.<\/p>\n<p class=\"expresso-item wall-content\"><strong>Paris. <\/strong><a title=\"Lire l&#039;article\" href=\"https:\/\/actu.fr\/ile-de-france\/paris_75056\/video-arbres-arraches-metro-inonde-un-orage-dantesque-s-abat-sur-paris-les-degats-deja-nombreux_62826681.html\" rel=\"nofollow noopener\" target=\"_blank\"><strong>Arbres arrach\u00e9s, m\u00e9tro inond\u00e9\u2026 Un orage dantesque s\u2019abat, les d\u00e9g\u00e2ts d\u00e9j\u00e0 nombreux<\/strong><\/a><br \/>La capitale et sa petite couronne ont \u00e9t\u00e9 travers\u00e9es par un orage et des vents violents ce mercredi 25 juin 2025. Le ph\u00e9nom\u00e8ne a impressionn\u00e9 et laisse des traces.<\/p>\n<p class=\"expresso-item wall-content\"><strong>Val-d\u2019Oise. <\/strong><a title=\"Lire l&#039;article\" href=\"https:\/\/actu.fr\/ile-de-france\/eragny_95218\/controle-sanitaire-dans-le-val-doise-encore-une-boulangerie-epinglee-par-le-prefet_62824962.html\" rel=\"nofollow noopener\" target=\"_blank\"><strong>Contr\u00f4le sanitaire : une boulangerie ferm\u00e9e pour la deuxi\u00e8me fois en trois mois<\/strong><\/a><br \/>D\u00e9j\u00e0 contrainte \u00e0 une fermeture administrative en mars 2025, une boulangerie d\u2019Eragny-sur-Oise (Val-d\u2019Oise), doit baisser une nouvelle fois son rideau.<\/p>\n<p class=\"expresso-item wall-content\"><strong>Seine-et-Marne. <\/strong><a title=\"Lire l&#039;article\" href=\"https:\/\/actu.fr\/faits-divers\/violents-orages-la-seine-et-marne-departement-le-plus-touche-par-la-foudre-ce-jeudi_62828482.html\" rel=\"nofollow noopener\" target=\"_blank\"><strong>Violents orages : le d\u00e9partement le plus touch\u00e9 par la foudre ce jeudi<\/strong><\/a><br \/>Entre mercredi 25 au soir et jeudi 26 juin 2025 jusque dans la matin\u00e9e, la Seine-et-Marne n\u2019a pas \u00e9t\u00e9 \u00e9pargn\u00e9e par les violents orages qui ont touch\u00e9 le pays.\u00a0<\/p>\n<p class=\"expresso-item wall-content\"><strong>Seine-et-Marne. <\/strong><a title=\"Lire l&#039;article\" href=\"https:\/\/actu.fr\/ile-de-france\/fontenay-tresigny_77192\/seine-et-marne-endormissement-ou-malaise-au-volant-laccident-contre-un-camion-fait-un-mort-et-un-blesse_62828313.html\" rel=\"nofollow noopener\" target=\"_blank\"><strong>Endormissement ou malaise au volant, l\u2019accident contre un camion fait un mort et un bless\u00e9<\/strong><\/a><br \/>Un automobiliste a perdu la vie apr\u00e8s avoir percut\u00e9 un camion, sur l\u2019ex-RN 36, \u00e0 hauteur de Fontenay-Tr\u00e9signy. Les gendarmes suspectent l\u2019endormissement ou le malaise.<\/p>\n<p>Suivez-nous pour en savoir plus\u2009!<\/p>\n<p class=\" wall-content wall-content wall-content\">Vous voulez plus d\u2019infos sur l\u2019\u00cele-de-France\u2009? Vous pouvez nous retrouver sur Actu \u00cele-de-France. Pour nous suivre sur les r\u00e9seaux sociaux, dans vos d\u00e9partements\u2009:<\/p>\n<p class=\" wall-content wall-content wall-content\"><strong>Paris\u2009<\/strong>: retrouvez\u00a0actu\u00a0Paris\u00a0sur\u00a0<a href=\"https:\/\/www.facebook.com\/actufr.paris\/\" rel=\"nofollow noopener\" target=\"_blank\">Facebook\u00a0<\/a>et\u00a0<a href=\"https:\/\/x.com\/actufrparis\" rel=\"nofollow\">Twitter\u2009<\/a>;<br \/><strong>Seine-et-Marne<\/strong>\u2009: retrouvez\u00a0La R\u00e9publique de Seine-et-Marne\u00a0(sud) sur\u00a0<a href=\"https:\/\/www.facebook.com\/journallarmarne\/?eid=ARDLZc91LaHbXzDwChLLLQJVMBLx_ABJremTC2-RG0CYvg0f4f8CLvbV5G1Lli4g_6QoXDcKkU1_LX1W\" rel=\"nofollow noopener\" target=\"_blank\">Facebook\u00a0<\/a>et\u00a0<a href=\"https:\/\/x.com\/LaRep77\" rel=\"nofollow\">Twitter\u2009<\/a>;\u00a0La Marne\u00a0(nord) sur\u00a0<a href=\"https:\/\/www.facebook.com\/LePaysBriard\/?ref=bookmarks\" rel=\"nofollow noopener\" target=\"_blank\">Facebook\u00a0<\/a>et\u00a0<a href=\"https:\/\/x.com\/JournalLaMarne\" rel=\"nofollow\">Twitter\u2009<\/a>; et\u00a0Le Pays Briard\u00a0sur\u00a0<a href=\"https:\/\/www.facebook.com\/LePaysBriard\/?ref=bookmarks\" rel=\"nofollow noopener\" target=\"_blank\">Facebook\u00a0<\/a>et\u00a0<a href=\"https:\/\/x.com\/LePaysBriard\" rel=\"nofollow\">Twitter\u2009<\/a>;<br \/><strong>Essonne\u2009<\/strong>: retrouvez\u00a0actu Essonne\u00a0sur\u00a0<a href=\"https:\/\/www.facebook.com\/actuessonne\/?ref=br_rs\" rel=\"nofollow noopener\" target=\"_blank\">Facebook<\/a>\u00a0et\u00a0<a href=\"https:\/\/x.com\/ActuEssonne\" rel=\"nofollow\">Twitter\u2009<\/a>;<br \/><strong>Hauts-de-Seine<\/strong>\u2009: retrouvez\u00a0actu\u00a0Hauts-de-Seine\u00a0sur\u00a0<a href=\"https:\/\/www.facebook.com\/actufr.hautsdeseine\/\" rel=\"nofollow noopener\" target=\"_blank\">Facebook\u00a0<\/a>et\u00a0<a href=\"https:\/\/x.com\/actufr92\" rel=\"nofollow\">Twitter\u2009<\/a>;<br \/><strong>Seine-Saint-Denis\u2009<\/strong>: retrouvez\u00a0actu Seine-Saint-Denis\u00a0sur\u00a0<a href=\"https:\/\/www.facebook.com\/actufr.seinesaintdenis\/\" rel=\"nofollow noopener\" target=\"_blank\">Facebook\u00a0<\/a>et\u00a0<a href=\"https:\/\/x.com\/Actufr93\" rel=\"nofollow\">Twitter\u2009<\/a>;<br \/><strong>Val-de-Marne<\/strong>\u2009: retrouvez\u00a0actu Val-de-Marne\u00a0sur\u00a0<a href=\"https:\/\/www.facebook.com\/actufr.valdemarne\" rel=\"nofollow noopener\" target=\"_blank\">Facebook\u00a0<\/a>et\u00a0<a href=\"https:\/\/x.com\/actufr94\" rel=\"nofollow\">Twitter\u2009<\/a>;<br \/><strong>Val-d\u2019Oise<\/strong>\u2009: retrouvez\u00a0La Gazette du Val-d\u2019Oise\u00a0sur\u00a0<a href=\"https:\/\/www.facebook.com\/lagazetteduvaldoise\" rel=\"nofollow noopener\" target=\"_blank\">Facebook<\/a>\u00a0et\u00a0<a href=\"https:\/\/x.com\/lagazette95\" rel=\"nofollow\">Twitter<\/a>.<\/p>\n<p class=\" wall-content\">Suivez toute l\u2019actualit\u00e9 de vos villes et m\u00e9dias favoris en vous inscrivant \u00e0 <a href=\"https:\/\/moncompte.actu.fr\" title=\"D\u00e9couvez Mon Actu\" rel=\"nofollow noopener\" data-trk=\"{&quot;cta&quot;:{&quot;action&quot;:&quot;https:\\\/\\\/moncompte.actu.fr&quot;,&quot;category&quot;:&quot;mon compte&quot;,&quot;from&quot;:&quot;article footer&quot;,&quot;name&quot;:&quot;Mon actu&quot;,&quot;type&quot;:&quot;cta&quot;}}\" target=\"_blank\">Mon Actu<\/a>.<\/p>\n","protected":false},"excerpt":{"rendered":"Par R\u00e9daction La R\u00e9publique de Seine et Marne Publi\u00e9 le 26 juin 2025 \u00e0 12h13 Le ciel de\u00a0Paris\u00a0et&hellip;\n","protected":false},"author":2,"featured_media":205483,"comment_status":"","ping_status":"","sticky":false,"template":"","format":"standard","meta":{"footnotes":""},"categories":[1592],"tags":[1111,11,1777,674,1011,27,3381,662,12,4594,626,1072,25,104],"class_list":{"0":"post-206626","1":"post","2":"type-post","3":"status-publish","4":"format-standard","5":"has-post-thumbnail","7":"category-ile-de-france","8":"tag-actu","9":"tag-actualites","10":"tag-eu","11":"tag-europe","12":"tag-fr","13":"tag-france","14":"tag-gendarmerie","15":"tag-ile-de-france","16":"tag-news","17":"tag-orages","18":"tag-paris","19":"tag-police","20":"tag-republique-francaise","21":"tag-societe"},"share_on_mastodon":{"url":"https:\/\/pubeurope.com\/@fr\/114751486347081554","error":""},"_links":{"self":[{"href":"https:\/\/www.europesays.com\/fr\/wp-json\/wp\/v2\/posts\/206626","targetHints":{"allow":["GET"]}}],"collection":[{"href":"https:\/\/www.europesays.com\/fr\/wp-json\/wp\/v2\/posts"}],"about":[{"href":"https:\/\/www.europesays.com\/fr\/wp-json\/wp\/v2\/types\/post"}],"author":[{"embeddable":true,"href":"https:\/\/www.europesays.com\/fr\/wp-json\/wp\/v2\/users\/2"}],"replies":[{"embeddable":true,"href":"https:\/\/www.europesays.com\/fr\/wp-json\/wp\/v2\/comments?post=206626"}],"version-history":[{"count":0,"href":"https:\/\/www.europesays.com\/fr\/wp-json\/wp\/v2\/posts\/206626\/revisions"}],"wp:featuredmedia":[{"embeddable":true,"href":"https:\/\/www.europesays.com\/fr\/wp-json\/wp\/v2\/media\/205483"}],"wp:attachment":[{"href":"https:\/\/www.europesays.com\/fr\/wp-json\/wp\/v2\/media?parent=206626"}],"wp:term":[{"taxonomy":"category","embeddable":true,"href":"https:\/\/www.europesays.com\/fr\/wp-json\/wp\/v2\/categories?post=206626"},{"taxonomy":"post_tag","embeddable":true,"href":"https:\/\/www.europesays.com\/fr\/wp-json\/wp\/v2\/tags?post=206626"}],"curies":[{"name":"wp","href":"https:\/\/api.w.org\/{rel}","templated":true}]}}