{"id":206633,"date":"2025-06-26T20:14:19","date_gmt":"2025-06-26T20:14:19","guid":{"rendered":"https:\/\/www.europesays.com\/fr\/206633\/"},"modified":"2025-06-26T20:14:19","modified_gmt":"2025-06-26T20:14:19","slug":"un-touriste-canadien-se-fait-voler-sa-montre-a-62-000-euros-rue-saint-honore","status":"publish","type":"post","link":"https:\/\/www.europesays.com\/fr\/206633\/","title":{"rendered":"un touriste canadien se fait voler sa montre \u00e0 62.000 euros, rue Saint-Honor\u00e9"},"content":{"rendered":"<p>Un voleur a arrach\u00e9 la montre Patek Philippe d\u2019un touriste anglo-canadien mercredi, dans le 1er arrondissement. Une plainte a \u00e9t\u00e9 d\u00e9pos\u00e9e.<\/p>\n<p class=\"fig-paragraph\">Dans les quartiers parisiens les plus chics, les voleurs sont \u00e0 l\u2019aff\u00fbt des touristes les plus riches et imprudents. L\u2019un d\u2019entre eux en a fait l\u2019exp\u00e9rience mercredi apr\u00e8s-midi, rue Saint-Honor\u00e9 dans le 1er arrondissement (<a href=\"http:\/\/www.lefigaro.fr\/meteo\/rafales-a-plus-de-120-km-h-pluies-torrentielles-sur-paris-grelons-les-images-impressionnantes-des-orages-qui-ont-frappe-la-france-20250625\" target=\"_blank\" data-fig-type=\"NewsFlash\" rel=\"noopener\" data-gtm-custom-categorie=\"navigation\" data-gtm-custom-action=\"crossclick\" data-gtm-custom-label=\"Contextuel\" data-gtm-event=\"customEventSPE\" data-fig-domain=\"LEFIGARO\">Paris<\/a>). Dans l\u2019art\u00e8re r\u00e9put\u00e9e pour ses magasins de marque luxueuse, un touriste canadien a \u00e9t\u00e9 victime d\u2019un vol \u00e0 l\u2019arrach\u00e9 de sa montre\u00a0<a href=\"http:\/\/www.lefigaro.fr\/horlogerie\/pourquoi-patek-philippe-devoile-sa-premiere-nouvelle-collection-en-vingt-cinq-ans-20241024\" target=\"_blank\" data-fig-type=\"Article\" rel=\"noopener\" data-gtm-custom-categorie=\"navigation\" data-gtm-custom-action=\"crossclick\" data-gtm-custom-label=\"Contextuel\" data-gtm-event=\"customEventSPE\" data-fig-domain=\"LEFIGARO\">Patek Philippe<\/a>\u00a0d\u2019une valeur estim\u00e9e \u00e0 plus de 100.000 dollars canadiens, soit environ 62.000 euros, indique le parquet de Paris au Figaro.\u00a0<\/p>\n<p class=\"fig-paragraph\">Peu apr\u00e8s 17 heures mercredi, un individu s\u2019est gliss\u00e9 derri\u00e8re le badaud canadien et lui a soutir\u00e9 sa montre de luxe, indique\u00a0<a href=\"https:\/\/www.leparisien.fr\/paris-75\/paris-un-touriste-se-fait-voler-a-larrache-sa-montre-a-200-000-euros-26-06-2025-JCXTSQARYREKVL2AOHJJZ42A3Y.php\" target=\"_blank\" rel=\"nofollow noopener\" data-gtm-custom-categorie=\"navigation\" data-gtm-custom-action=\"crossclick\" data-gtm-custom-label=\"Contextuel\" data-gtm-event=\"customEventSPE\">Le Parisien<\/a> . Un t\u00e9moin de la sc\u00e8ne a tent\u00e9 de poursuivre le malfaiteur, sans succ\u00e8s. Le voleur a pris la fuite vers le jardin des Tuileries avant de se fondre dans la foule et dispara\u00eetre avec le bien de la marque d\u2019horlogerie suisse. Choqu\u00e9e, la victime est all\u00e9e d\u00e9poser une plainte dans la foul\u00e9e. Une enqu\u00eate a \u00e9t\u00e9 ouverte, confi\u00e9e aux services territoriaux judiciaires de nuit (STJN).<\/p>\n","protected":false},"excerpt":{"rendered":"Un voleur a arrach\u00e9 la montre Patek Philippe d\u2019un touriste anglo-canadien mercredi, dans le 1er arrondissement. Une plainte&hellip;\n","protected":false},"author":2,"featured_media":206634,"comment_status":"","ping_status":"","sticky":false,"template":"","format":"standard","meta":{"footnotes":""},"categories":[1888],"tags":[119,11,3694,271,2951,3695,1777,674,3696,118,1011,27,2825,1253,303,15422,12,626,34560,1072,2694,25,2949],"class_list":{"0":"post-206633","1":"post","2":"type-post","3":"status-publish","4":"format-standard","5":"has-post-thumbnail","7":"category-paris","8":"tag-accident","9":"tag-actualites","10":"tag-affaires","11":"tag-crime","12":"tag-criminalite","13":"tag-enquetes","14":"tag-eu","15":"tag-europe","16":"tag-evenements","17":"tag-faits-divers","18":"tag-fr","19":"tag-france","20":"tag-insecurite","21":"tag-islamisme","22":"tag-justice","23":"tag-montre","24":"tag-news","25":"tag-paris","26":"tag-patek-philippe","27":"tag-police","28":"tag-proces","29":"tag-republique-francaise","30":"tag-violences"},"share_on_mastodon":{"url":"https:\/\/pubeurope.com\/@fr\/114751502027016425","error":""},"_links":{"self":[{"href":"https:\/\/www.europesays.com\/fr\/wp-json\/wp\/v2\/posts\/206633","targetHints":{"allow":["GET"]}}],"collection":[{"href":"https:\/\/www.europesays.com\/fr\/wp-json\/wp\/v2\/posts"}],"about":[{"href":"https:\/\/www.europesays.com\/fr\/wp-json\/wp\/v2\/types\/post"}],"author":[{"embeddable":true,"href":"https:\/\/www.europesays.com\/fr\/wp-json\/wp\/v2\/users\/2"}],"replies":[{"embeddable":true,"href":"https:\/\/www.europesays.com\/fr\/wp-json\/wp\/v2\/comments?post=206633"}],"version-history":[{"count":0,"href":"https:\/\/www.europesays.com\/fr\/wp-json\/wp\/v2\/posts\/206633\/revisions"}],"wp:featuredmedia":[{"embeddable":true,"href":"https:\/\/www.europesays.com\/fr\/wp-json\/wp\/v2\/media\/206634"}],"wp:attachment":[{"href":"https:\/\/www.europesays.com\/fr\/wp-json\/wp\/v2\/media?parent=206633"}],"wp:term":[{"taxonomy":"category","embeddable":true,"href":"https:\/\/www.europesays.com\/fr\/wp-json\/wp\/v2\/categories?post=206633"},{"taxonomy":"post_tag","embeddable":true,"href":"https:\/\/www.europesays.com\/fr\/wp-json\/wp\/v2\/tags?post=206633"}],"curies":[{"name":"wp","href":"https:\/\/api.w.org\/{rel}","templated":true}]}}