{"id":206635,"date":"2025-06-26T20:15:12","date_gmt":"2025-06-26T20:15:12","guid":{"rendered":"https:\/\/www.europesays.com\/fr\/206635\/"},"modified":"2025-06-26T20:15:12","modified_gmt":"2025-06-26T20:15:12","slug":"sommet-europeen-la-slovaquie-bloque-de-nouvelles-sanctions-contre-la-russie","status":"publish","type":"post","link":"https:\/\/www.europesays.com\/fr\/206635\/","title":{"rendered":"Sommet europ\u00e9en: la Slovaquie bloque de nouvelles sanctions contre la Russie"},"content":{"rendered":"<p class=\"ap-StoryElement ap-StoryElement--mb ap-StoryText\">\u00ab\u00a0Cette question doit \u00eatre r\u00e9solue en priorit\u00e9. Ce n&rsquo;est qu&rsquo;ensuite que nous pourrons parler de nouvelles sanctions\u00a0\u00bb, a d\u00e9clar\u00e9 Robert Fico dans un message vid\u00e9o, diffus\u00e9 apr\u00e8s un entretien avec la pr\u00e9sidente de la Commission, Ursula von der Leyen, en marge du sommet. L&rsquo;Allemande s&rsquo;est montr\u00e9e, d&rsquo;apr\u00e8s lui, \u00ab\u00a0tr\u00e8s constructive et pragmatique\u00a0\u00bb, mais il n&rsquo;y a pas encore de solution. Une d\u00e9l\u00e9gation de la Commission est attendue la semaine prochaine \u00e0 Bratislava.<\/p>\n<p class=\"ap-StoryElement ap-StoryElement--mb ap-StoryText\">Le Premier ministre slovaque sait qu&rsquo;il ne peut pas bloquer la proposition, qui requiert une majorit\u00e9 qualifi\u00e9e. Il lie cependant ce dossier \u00e0 celui du nouveau paquet de sanctions contre la Russie, qui lui n\u00e9cessite l&rsquo;unanimit\u00e9. C&rsquo;est pourquoi la Slovaquie demandera un report du vote vendredi, lors d&rsquo;une r\u00e9union des ambassadeurs des Vingt-sept, dit-il.<\/p>\n<p class=\"ap-StoryElement ap-StoryElement--mb ap-StoryText\">Le 18e paquet de sanctions vise principalement le secteur \u00e9nerg\u00e9tique et les banques russes. La Hongrie s&rsquo;y oppose aussi. Mais contrairement au Premier ministre hongrois Viktor Orban, Robert Fico a bien soutenu, lors du sommet, les conclusions r\u00e9affirmant le soutien politique, financier et militaire \u00e0 l&rsquo;Ukraine, ainsi que l&rsquo;ouverture des premiers chapitres des n\u00e9gociations d&rsquo;adh\u00e9sion du pays \u00e0 l&rsquo;UE.<\/p>\n","protected":false},"excerpt":{"rendered":"\u00ab\u00a0Cette question doit \u00eatre r\u00e9solue en priorit\u00e9. Ce n&rsquo;est qu&rsquo;ensuite que nous pourrons parler de nouvelles sanctions\u00a0\u00bb, a&hellip;\n","protected":false},"author":2,"featured_media":206636,"comment_status":"","ping_status":"","sticky":false,"template":"","format":"standard","meta":{"footnotes":""},"categories":[1591],"tags":[11,893,1887,12,1885,1886,132,10845,1778,220],"class_list":{"0":"post-206635","1":"post","2":"type-post","3":"status-publish","4":"format-standard","5":"has-post-thumbnail","7":"category-russie","8":"tag-actualites","9":"tag-energie","10":"tag-federation-de-russie","11":"tag-news","12":"tag-russia","13":"tag-russian-federation","14":"tag-russie","15":"tag-slovaquie","16":"tag-ue","17":"tag-ukraine"},"share_on_mastodon":{"url":"https:\/\/pubeurope.com\/@fr\/114751505961021196","error":""},"_links":{"self":[{"href":"https:\/\/www.europesays.com\/fr\/wp-json\/wp\/v2\/posts\/206635","targetHints":{"allow":["GET"]}}],"collection":[{"href":"https:\/\/www.europesays.com\/fr\/wp-json\/wp\/v2\/posts"}],"about":[{"href":"https:\/\/www.europesays.com\/fr\/wp-json\/wp\/v2\/types\/post"}],"author":[{"embeddable":true,"href":"https:\/\/www.europesays.com\/fr\/wp-json\/wp\/v2\/users\/2"}],"replies":[{"embeddable":true,"href":"https:\/\/www.europesays.com\/fr\/wp-json\/wp\/v2\/comments?post=206635"}],"version-history":[{"count":0,"href":"https:\/\/www.europesays.com\/fr\/wp-json\/wp\/v2\/posts\/206635\/revisions"}],"wp:featuredmedia":[{"embeddable":true,"href":"https:\/\/www.europesays.com\/fr\/wp-json\/wp\/v2\/media\/206636"}],"wp:attachment":[{"href":"https:\/\/www.europesays.com\/fr\/wp-json\/wp\/v2\/media?parent=206635"}],"wp:term":[{"taxonomy":"category","embeddable":true,"href":"https:\/\/www.europesays.com\/fr\/wp-json\/wp\/v2\/categories?post=206635"},{"taxonomy":"post_tag","embeddable":true,"href":"https:\/\/www.europesays.com\/fr\/wp-json\/wp\/v2\/tags?post=206635"}],"curies":[{"name":"wp","href":"https:\/\/api.w.org\/{rel}","templated":true}]}}