{"id":206647,"date":"2025-06-26T20:21:14","date_gmt":"2025-06-26T20:21:14","guid":{"rendered":"https:\/\/www.europesays.com\/fr\/206647\/"},"modified":"2025-06-26T20:21:14","modified_gmt":"2025-06-26T20:21:14","slug":"quel-est-letat-actuel-des-capacites-de-defense-de-lunion-europeenne","status":"publish","type":"post","link":"https:\/\/www.europesays.com\/fr\/206647\/","title":{"rendered":"Quel est l&rsquo;\u00e9tat actuel des capacit\u00e9s de d\u00e9fense de l&rsquo;Union europ\u00e9enne ?"},"content":{"rendered":"<p>Alors que le sommet de l&rsquo;OTAN de La Haye s&rsquo;est achev\u00e9 mercredi sur l&rsquo;<a href=\"https:\/\/fr.news.yahoo.com\/d%C3%A9penses-d%C3%A9fense-ukraine-principaux-enseignements-170443703.html\" data-ylk=\"slk:engagement des pays membres;elm:context_link;itc:0;sec:content-canvas;outcm:mb_qualified_link;_E:mb_qualified_link;ct:story;\" class=\"link  yahoo-link\" target=\"_blank\" rel=\"noopener\"><strong>engagement des pays membres<\/strong><\/a> \u00e0 consacrer 5 % de leur PIB \u00e0 la d\u00e9fense, un rapport de Bruegel et de l&rsquo;Institut de Kiel avertit que l&rsquo;Europe est loin d&rsquo;\u00eatre pr\u00eate \u00e0 se d\u00e9fendre, du moins pas d&rsquo;ici 2030.<\/p>\n<p>L&rsquo;\u00e9tude met tout particuli\u00e8rement en garde contre la forte d\u00e9pendance europ\u00e9enne \u00e0 l&rsquo;\u00e9gard de la production et de la technologie \u00e9trang\u00e8res.<\/p>\n<p>\u00ab\u00a0L&rsquo;Europe doit d\u00e9placer son d\u00e9bat politique des chiffres fiscaux vers les capacit\u00e9s militaires r\u00e9elles achet\u00e9es et livr\u00e9es dans les ann\u00e9es \u00e0 venir\u00a0\u00bb, conseille le rapport.<\/p>\n<p>Augmentation consid\u00e9rable des importations d&rsquo;armes<\/p>\n<p>Actuellement, l&rsquo;Europe importe une grande partie de ses capacit\u00e9s militaires. Les importations sont pass\u00e9es d&rsquo;environ 3,4 milliards de dollars (2,9 milliards d&rsquo;euros) pour la p\u00e9riode entre 2019 et 2021 \u00e0 8,5 milliards de dollars (7,2 milliards d&rsquo;euros) entre 2022 et 2024 dans les pays de l&rsquo;UE.<\/p>\n<p>Les \u00c9tats-Unis sont le principal partenaire commercial en mati\u00e8re d&rsquo;\u00e9quipements militaires tant pour l&rsquo;UE que pour les principaux pays europ\u00e9ens, \u00e0 l&rsquo;exception de la France.<\/p>\n<p><b class=\"c-widget-related__title__text\">Related<\/b><\/p>\n<p>Par exemple, environ 70 % des achats non europ\u00e9ens de la Pologne sont effectu\u00e9s aupr\u00e8s d&rsquo;entreprises am\u00e9ricaines, et les autres contrats sont principalement conclus avec des entreprises sud-cor\u00e9ennes.<\/p>\n<p>Si des pays tels que l&rsquo;Allemagne, le Royaume-Uni et la Pologne produisent leurs propres \u00e9quipements, leur d\u00e9lai de livraison moyen peut atteindre les quatre ans.<\/p>\n<p>Des d\u00e9lais de d\u00e9veloppement de plusieurs d\u00e9cennies<\/p>\n<p>L&rsquo;Europe manque \u00e9galement de certaines technologies militaires de pointe, les d\u00e9lais de d\u00e9veloppement s&rsquo;\u00e9tendant souvent sur des d\u00e9cennies plut\u00f4t que sur quelques ann\u00e9es.<\/p>\n<p>\u00ab\u00a0Une avance technologique r\u00e9duite, voire inexistante, dans le domaine de la guerre devient une pr\u00e9occupation croissante pour les arm\u00e9es occidentales et constitue un probl\u00e8me particulier pour l&rsquo;Europe\u00a0\u00bb, indique le rapport.<\/p>\n<p>Les nouvelles technologies du champ de bataille, telles que les drones et l&rsquo;IA, peuvent constituer des capacit\u00e9s compl\u00e9mentaires pour une force de combat.<\/p>\n<p>Dans le cadre de l&rsquo;invasion de l&rsquo;Ukraine par la Russie, les drones sont responsables de 60 \u00e0 70 % des d\u00e9g\u00e2ts caus\u00e9s aux \u00e9quipements russes, selon le groupe de r\u00e9flexion britannique sur la d\u00e9fense et la s\u00e9curit\u00e9, le <a href=\"https:\/\/static.rusi.org\/tactical-developments-third-year-russo-ukrainian-war-february-2205.pdf\" rel=\"nofollow noopener\" target=\"_blank\" data-ylk=\"slk:Royal United Services Institute;elm:context_link;itc:0;sec:content-canvas\" class=\"link \"><strong>Royal United Services Institute<\/strong><\/a>.<\/p>\n<p>Par exemple, l&rsquo;objectif de production de drones \u00e0 vue subjective (FPV) en Ukraine pour 2025 est d&rsquo;environ 4,5 millions, tandis que celui de la Russie se situe entre 3 et 4 millions.<\/p>\n<p>Volodymyr Zelensky d\u00e9plore un manque d&rsquo;investissement dans la d\u00e9fense<\/p>\n<p>S&rsquo;exprimant depuis La Haye \u00e0 la veille d&rsquo;un sommet des dirigeants de l&rsquo;OTAN, le pr\u00e9sident ukrainien Volodymyr Zelensky a affirm\u00e9 que le secteur de la d\u00e9fense de son pays est capable de produire beaucoup plus qu&rsquo;il ne le fait actuellement, mais qu&rsquo;il est <a href=\"https:\/\/fr.news.yahoo.com\/volodymyr-zelensky-demande-%C3%A0-lotan-164526737.html\" data-ylk=\"slk:limit\u00e9 par un manque de financement;elm:context_link;itc:0;sec:content-canvas;outcm:mb_qualified_link;_E:mb_qualified_link;ct:story;\" class=\"link  yahoo-link\" target=\"_blank\" rel=\"noopener\"><strong>limit\u00e9 par un manque de financement<\/strong><\/a>.<\/p>\n<p>\u00ab\u00a0Notre potentiel de production dans le domaine de la d\u00e9fense d\u00e9passe les 35 milliards de dollars (29 milliards d&rsquo;euros)\u00a0\u00bb, a-t-il d\u00e9clar\u00e9 lors du Forum de l&rsquo;industrie de la d\u00e9fense de l&rsquo;OTAN.<\/p>\n<p>L&rsquo;Ukraine produit plus de 1 000 types d&rsquo;armes, notamment des pi\u00e8ces d&rsquo;artillerie, des v\u00e9hicules blind\u00e9s, des drones et des missiles.<\/p>\n<p>\u00ab\u00a0Mais environ 40 % de ce potentiel ne b\u00e9n\u00e9ficie pas d&rsquo;un financement ad\u00e9quat\u00a0\u00bb, affirme le pr\u00e9sident ukrainien. \u00ab\u00a0C&rsquo;est un probl\u00e8me. Par exemple, nous pouvons produire plus de 8 millions de drones de diff\u00e9rents types chaque ann\u00e9e, mais le financement permet d&rsquo;en produire beaucoup moins\u00a0\u00bb.<\/p>\n<p><b class=\"c-widget-related__title__text\">Related<\/b><\/p>\n<p>\u00c0 l&rsquo;exception de l&rsquo;Ukraine, les arm\u00e9es europ\u00e9ennes semblent plus en retard sur ces d\u00e9veloppements que les \u00c9tats-Unis.<\/p>\n<p>Bien que des start-ups europ\u00e9ennes \u00e9mergentes se concentrent sur la fabrication de drones, la technologie \u00e9volue rapidement, de sorte que les drones de plus de six mois voient d\u00e9j\u00e0 leur efficacit\u00e9 diminuer de mani\u00e8re significative.<\/p>\n<p>Dans le m\u00eame temps, la Russie et la Chine ont consid\u00e9rablement d\u00e9velopp\u00e9 leurs capacit\u00e9s de production et leurs capacit\u00e9s technologiques.<\/p>\n","protected":false},"excerpt":{"rendered":"Alors que le sommet de l&rsquo;OTAN de La Haye s&rsquo;est achev\u00e9 mercredi sur l&rsquo;engagement des pays membres \u00e0&hellip;\n","protected":false},"author":2,"featured_media":206648,"comment_status":"","ping_status":"","sticky":false,"template":"","format":"standard","meta":{"footnotes":""},"categories":[1586],"tags":[11,34561,1777,674,1779,1011,27,1877,12,25,1778,364],"class_list":{"0":"post-206647","1":"post","2":"type-post","3":"status-publish","4":"format-standard","5":"has-post-thumbnail","7":"category-europe","8":"tag-actualites","9":"tag-delai-de-livraison","10":"tag-eu","11":"tag-europe","12":"tag-european-union","13":"tag-fr","14":"tag-france","15":"tag-la-defense","16":"tag-news","17":"tag-republique-francaise","18":"tag-ue","19":"tag-union-europeenne"},"share_on_mastodon":{"url":"https:\/\/pubeurope.com\/@fr\/114751529599450128","error":""},"_links":{"self":[{"href":"https:\/\/www.europesays.com\/fr\/wp-json\/wp\/v2\/posts\/206647","targetHints":{"allow":["GET"]}}],"collection":[{"href":"https:\/\/www.europesays.com\/fr\/wp-json\/wp\/v2\/posts"}],"about":[{"href":"https:\/\/www.europesays.com\/fr\/wp-json\/wp\/v2\/types\/post"}],"author":[{"embeddable":true,"href":"https:\/\/www.europesays.com\/fr\/wp-json\/wp\/v2\/users\/2"}],"replies":[{"embeddable":true,"href":"https:\/\/www.europesays.com\/fr\/wp-json\/wp\/v2\/comments?post=206647"}],"version-history":[{"count":0,"href":"https:\/\/www.europesays.com\/fr\/wp-json\/wp\/v2\/posts\/206647\/revisions"}],"wp:featuredmedia":[{"embeddable":true,"href":"https:\/\/www.europesays.com\/fr\/wp-json\/wp\/v2\/media\/206648"}],"wp:attachment":[{"href":"https:\/\/www.europesays.com\/fr\/wp-json\/wp\/v2\/media?parent=206647"}],"wp:term":[{"taxonomy":"category","embeddable":true,"href":"https:\/\/www.europesays.com\/fr\/wp-json\/wp\/v2\/categories?post=206647"},{"taxonomy":"post_tag","embeddable":true,"href":"https:\/\/www.europesays.com\/fr\/wp-json\/wp\/v2\/tags?post=206647"}],"curies":[{"name":"wp","href":"https:\/\/api.w.org\/{rel}","templated":true}]}}