{"id":206656,"date":"2025-06-26T20:26:10","date_gmt":"2025-06-26T20:26:10","guid":{"rendered":"https:\/\/www.europesays.com\/fr\/206656\/"},"modified":"2025-06-26T20:26:10","modified_gmt":"2025-06-26T20:26:10","slug":"les-bleus-pieges-par-le-japon-le-final-8-de-ligue-des-nations-pas-encore-assure","status":"publish","type":"post","link":"https:\/\/www.europesays.com\/fr\/206656\/","title":{"rendered":"les Bleus pi\u00e9g\u00e9s par le Japon, le Final 8 de Ligue des Nations pas encore assur\u00e9"},"content":{"rendered":"<p>Les Bleus se sont inclin\u00e9s contre le Japon en phase de groupe de Ligue des nations, leur place en Final 8 n\u2019est pas encore assur\u00e9e.<\/p>\n<p class=\"fig-paragraph\">L&rsquo;\u00e9quipe de France s&rsquo;est inclin\u00e9e en<a href=\"http:\/\/www.lefigaro.fr\/sports\/autres-sports\/volley-defaite-d-entree-pour-les-bleues-en-ligue-des-nations-20250604\" data-fig-type=\"NewsFlash\" data-gtm-custom-categorie=\"navigation\" data-gtm-custom-action=\"crossclick\" data-gtm-custom-label=\"Contextuel\" data-gtm-event=\"customEventSPE\" data-fig-domain=\"LEFIGARO\" target=\"_blank\" rel=\"noopener\">\u00a0Ligue des nations f<\/a>ace au Japon au terme d&rsquo;un match serr\u00e9 (3-2: 25-22, 19-25, 22-25, 25-20, 15-11), jeudi \u00e0 Burgas (Bulgarie). Les Bleus retrouvaient sur le banc adverse leur ancien entra\u00eeneur Laurent Tillie, qui les avait men\u00e9s \u00e0 leur premier titre olympique, en 2021 \u00e0 Tokyo. Les Fran\u00e7ais men\u00e9s par Andrea Giani ont laiss\u00e9 filer la premi\u00e8re manche avant de se reprendre dans les 2e et 3e sets, port\u00e9s notamment par les doubles champions olympiques Tr\u00e9vor Cl\u00e9venot (21 points) et Th\u00e9o Faure (17 points).<\/p>\n<p>Laurent Tillie endosse le r\u00f4le de bourreau<\/p>\n<p class=\"fig-paragraph\">Les Japonais ont ensuite \u00e9lev\u00e9 leur niveau de jeu, notamment dans le secteur d\u00e9fensif, pour revenir \u00e0 hauteur des Bleus puis les surclasser dans le set d\u00e9cisif. Les hommes de Laurent Tillie ont pris leur revanche sur les Bleus qui \u00e9taient sortis victorieux de la finale de Ligue des nations 2024 (3-1), sur la route de leur nouvelle victoire olympique \u00e0 Paris.<\/p>\n<p class=\"fig-paragraph\">Actuellement sixi\u00e8mes, les tenants du titre devront s&rsquo;assurer d&rsquo;un Top 7 au classement g\u00e9n\u00e9ral \u00e0 l&rsquo;issue de la phase pr\u00e9liminaire pour rejoindre le Final 8, la Chine (13e) \u00e9tant qualifi\u00e9e d&rsquo;office en tant que pays h\u00f4te. Les Bleus auront fort \u00e0 faire d\u00e8s le prochain match contre la Slov\u00e9nie, 3e, samedi (14h30). Apr\u00e8s la Ligue des nations, le point d&rsquo;orgue de la saison sera le Mondial (12-28 septembre), o\u00f9 les Bleus voudront d\u00e9crocher le seul titre qui manque \u00e0 leur palmar\u00e8s.<\/p>\n<p class=\"fig-paragraph\"><strong>\u00c0 VOIR AUSSI &#8211; <\/strong>Mercato\u00a0: Florian Wirtz justifie son transfert au Liverpool FC<\/p>\n","protected":false},"excerpt":{"rendered":"Les Bleus se sont inclin\u00e9s contre le Japon en phase de groupe de Ligue des nations, leur place&hellip;\n","protected":false},"author":2,"featured_media":206657,"comment_status":"","ping_status":"","sticky":false,"template":"","format":"standard","meta":{"footnotes":""},"categories":[1417],"tags":[2466,2465,2464,1977,1981,451,207,2468,63,1454,1011,27,66,447,2467,1457,2182,1980,479,2259,60,1467,1470,1469],"class_list":{"0":"post-206656","1":"post","2":"type-post","3":"status-publish","4":"format-standard","5":"has-post-thumbnail","7":"category-volley","8":"tag-2466","9":"tag-actu-sport","10":"tag-actualite-sportive","11":"tag-auto","12":"tag-classement","13":"tag-coupe-du-monde","14":"tag-cyclisme","15":"tag-euro-foot","16":"tag-football","17":"tag-formule-1","18":"tag-fr","19":"tag-france","20":"tag-ligue-1","21":"tag-ligue-des-champions","22":"tag-live-sport","23":"tag-moto","24":"tag-nba","25":"tag-resultats","26":"tag-rugby","27":"tag-score","28":"tag-sports","29":"tag-tennis","30":"tag-volley","31":"tag-volleyball"},"share_on_mastodon":{"url":"https:\/\/pubeurope.com\/@fr\/114751549350912878","error":""},"_links":{"self":[{"href":"https:\/\/www.europesays.com\/fr\/wp-json\/wp\/v2\/posts\/206656","targetHints":{"allow":["GET"]}}],"collection":[{"href":"https:\/\/www.europesays.com\/fr\/wp-json\/wp\/v2\/posts"}],"about":[{"href":"https:\/\/www.europesays.com\/fr\/wp-json\/wp\/v2\/types\/post"}],"author":[{"embeddable":true,"href":"https:\/\/www.europesays.com\/fr\/wp-json\/wp\/v2\/users\/2"}],"replies":[{"embeddable":true,"href":"https:\/\/www.europesays.com\/fr\/wp-json\/wp\/v2\/comments?post=206656"}],"version-history":[{"count":0,"href":"https:\/\/www.europesays.com\/fr\/wp-json\/wp\/v2\/posts\/206656\/revisions"}],"wp:featuredmedia":[{"embeddable":true,"href":"https:\/\/www.europesays.com\/fr\/wp-json\/wp\/v2\/media\/206657"}],"wp:attachment":[{"href":"https:\/\/www.europesays.com\/fr\/wp-json\/wp\/v2\/media?parent=206656"}],"wp:term":[{"taxonomy":"category","embeddable":true,"href":"https:\/\/www.europesays.com\/fr\/wp-json\/wp\/v2\/categories?post=206656"},{"taxonomy":"post_tag","embeddable":true,"href":"https:\/\/www.europesays.com\/fr\/wp-json\/wp\/v2\/tags?post=206656"}],"curies":[{"name":"wp","href":"https:\/\/api.w.org\/{rel}","templated":true}]}}