{"id":206658,"date":"2025-06-26T20:27:11","date_gmt":"2025-06-26T20:27:11","guid":{"rendered":"https:\/\/www.europesays.com\/fr\/206658\/"},"modified":"2025-06-26T20:27:11","modified_gmt":"2025-06-26T20:27:11","slug":"pro-d2-cest-un-joueur-tres-rapide-tres-veloce-linternational-costa-storti-signe-officiellement-au-fcg","status":"publish","type":"post","link":"https:\/\/www.europesays.com\/fr\/206658\/","title":{"rendered":"Pro D2. \u00ab C\u2019est un joueur tr\u00e8s rapide, tr\u00e8s v\u00e9loce \u00bb : l\u2019international Costa-Storti signe officiellement au FCG"},"content":{"rendered":"<p>Le contour de l\u2019effectif de la saison 2025-2026 du FCG prend forme petit \u00e0 petit. Apr\u00e8s l\u2019officialisation <a href=\"https:\/\/www.ledauphine.com\/sport\/2025\/06\/24\/son-arrivee-va-encore-rehausser-le-niveau-de-l-equipe-le-fcg-officialise-romain-ruffenach-sa-premiere-recrue\" target=\"_blank\" rel=\"nofollow noopener\"> du talonneur Romain Ruffenach le 24\u00a0juin,<\/a> le FCG a cette fois annonc\u00e9 l\u2019arriv\u00e9e de l\u2019ailier international portugais, Raffaele Costa-Storti. Sous le feu des projecteurs pendant ses deux saisons avec B\u00e9ziers (10 essais en 2022\/2023 et 21 essais en 2023\/2024), le Portugais a logiquement attir\u00e9 les clubs de Top 14.<\/p>\n<p>Cette saison, il a jou\u00e9 seulement deux matchs de Top 14 avec le Stade Fran\u00e7ais et une rencontre de Champions Cup contre les Bulls. Au total, il n\u2019a inscrit qu\u2019un essai avec son club mais quatre autres avec sa s\u00e9lection. Le Lusitanien s\u2019est engag\u00e9 pour deux saisons, jusqu\u2019en 2027.<\/p>\n<p>Ce contenu est bloqu\u00e9 car vous n&rsquo;avez pas accept\u00e9 les cookies et autres traceurs.<\/p>\n<p>En cliquant sur \u00ab J\u2019accepte \u00bb, les cookies et autres traceurs seront d\u00e9pos\u00e9s et vous pourrez visualiser les contenus  (<a href=\"\" class=\"consentModule_policy\" target=\"_blank\" title=\"Consulter la politique de protection des donn\u00e9es du fournisseur\">plus d&rsquo;informations<\/a>).<\/p>\n<p>En cliquant sur \u00ab J\u2019accepte tous les cookies \u00bb, vous autorisez des d\u00e9p\u00f4ts de cookies et autres traceurs pour le stockage de vos donn\u00e9es sur nos sites et applications \u00e0 des fins de personnalisation et de ciblage publicitaire.<\/p>\n<p class=\"consentModule_secondaryText\">Vous gardez la possibilit\u00e9 de retirer votre consentement \u00e0 tout moment en consultant notre <a href=\"https:\/\/www.ledauphine.com\/protection-des-donnees\" target=\"_blank\" title=\"Consulter notre politique de protection des donn\u00e9es\" rel=\"nofollow noopener\">politique de protection des donn\u00e9es<\/a>. <br \/>&#13;<br \/>\n            <a href=\"https:\/\/www.ledauphine.com\/sport\/2025\/06\/26\/javascript:Didomi.notice.show()\" class=\"consentModule_cmp\" rel=\"nofollow noopener\" target=\"_blank\">G\u00e9rer mes choix<\/a>&#13;\n        <\/p>\n<p>&#13;<br \/>\n                        J&rsquo;accepte&#13;<br \/>\n            J&rsquo;accepte tous les cookies&#13;\n        <\/p>\n<p>  Hueber\u00a0: \u00ab\u00a0On ne le pr\u00e9sente plus\u00a0!\u00a0\u00bb<\/p>\n<p>En manque de temps de jeu, <a href=\"https:\/\/www.ledauphine.com\/sport\/2025\/04\/09\/fcg-un-accord-trouve-pour-l-international-portugais-du-stade-francais-raffaele-costa-storti\" target=\"_blank\" rel=\"nofollow noopener\">le FCG a saisi l\u2019occasion Costa-Storti<\/a> pour renforcer ses ailes, apr\u00e8s le d\u00e9part annonc\u00e9 de <a href=\"https:\/\/www.ledauphine.com\/sport\/2025\/02\/22\/fcg-wilfried-hulleu-vers-le-racing-92-un-ailier-international-pour-le-remplacer\" target=\"_blank\" rel=\"nofollow noopener\">Wilfried Hulleu au Racing<\/a>. \u00ab\u00a0On ne le pr\u00e9sente plus\u00a0! International portugais, JIFF, et meilleur marqueur de la Pro D2 de la saison 2023-2024 avec 21 essais au compteur, c\u2019est un joueur tr\u00e8s rapide, tr\u00e8s v\u00e9loce, tr\u00e8s professionnel, qui sait o\u00f9 il veut aller\u00a0\u00bb, pr\u00e9sente Aubin Hueber, le directeur du rugby du club grenoblois.<\/p>\n<p>Le club de Grenoble, qui a manqu\u00e9 le titre de Pro D2 face \u00e0 Montauban (19-24) et la mont\u00e9e en Top 14 de deux points (11-13) face \u00e0 Perpignan, continue de se consolider avec des joueurs confirm\u00e9s. Le FCG tourne doucement la page de la saison 2024\/2025.<\/p>\n","protected":false},"excerpt":{"rendered":"Le contour de l\u2019effectif de la saison 2025-2026 du FCG prend forme petit \u00e0 petit. Apr\u00e8s l\u2019officialisation du&hellip;\n","protected":false},"author":2,"featured_media":206659,"comment_status":"","ping_status":"","sticky":false,"template":"","format":"standard","meta":{"footnotes":""},"categories":[1416],"tags":[112,2727,107,1701,1011,27,2731,2732,108,479,1468,517,60],"class_list":{"0":"post-206658","1":"post","2":"type-post","3":"status-publish","4":"format-standard","5":"has-post-thumbnail","7":"category-rugby","8":"tag-edition-grenoble-agglomeration","9":"tag-fcg-fc-grenoble-rugby","10":"tag-fil-info","11":"tag-fil-info-sport","12":"tag-fr","13":"tag-france","14":"tag-grenoble","15":"tag-grenoble-bassin","16":"tag-isere","17":"tag-rugby","18":"tag-rugby-football","19":"tag-sport","20":"tag-sports"},"share_on_mastodon":{"url":"https:\/\/pubeurope.com\/@fr\/114751553142565689","error":""},"_links":{"self":[{"href":"https:\/\/www.europesays.com\/fr\/wp-json\/wp\/v2\/posts\/206658","targetHints":{"allow":["GET"]}}],"collection":[{"href":"https:\/\/www.europesays.com\/fr\/wp-json\/wp\/v2\/posts"}],"about":[{"href":"https:\/\/www.europesays.com\/fr\/wp-json\/wp\/v2\/types\/post"}],"author":[{"embeddable":true,"href":"https:\/\/www.europesays.com\/fr\/wp-json\/wp\/v2\/users\/2"}],"replies":[{"embeddable":true,"href":"https:\/\/www.europesays.com\/fr\/wp-json\/wp\/v2\/comments?post=206658"}],"version-history":[{"count":0,"href":"https:\/\/www.europesays.com\/fr\/wp-json\/wp\/v2\/posts\/206658\/revisions"}],"wp:featuredmedia":[{"embeddable":true,"href":"https:\/\/www.europesays.com\/fr\/wp-json\/wp\/v2\/media\/206659"}],"wp:attachment":[{"href":"https:\/\/www.europesays.com\/fr\/wp-json\/wp\/v2\/media?parent=206658"}],"wp:term":[{"taxonomy":"category","embeddable":true,"href":"https:\/\/www.europesays.com\/fr\/wp-json\/wp\/v2\/categories?post=206658"},{"taxonomy":"post_tag","embeddable":true,"href":"https:\/\/www.europesays.com\/fr\/wp-json\/wp\/v2\/tags?post=206658"}],"curies":[{"name":"wp","href":"https:\/\/api.w.org\/{rel}","templated":true}]}}