{"id":206661,"date":"2025-06-26T20:29:17","date_gmt":"2025-06-26T20:29:17","guid":{"rendered":"https:\/\/www.europesays.com\/fr\/206661\/"},"modified":"2025-06-26T20:29:17","modified_gmt":"2025-06-26T20:29:17","slug":"la-federation-francaise-bat-son-record-de-licencies","status":"publish","type":"post","link":"https:\/\/www.europesays.com\/fr\/206661\/","title":{"rendered":"la F\u00e9d\u00e9ration fran\u00e7aise bat son record de licenci\u00e9s"},"content":{"rendered":"<p class=\"intro \">La F\u00e9d\u00e9ration fran\u00e7aise de basket (FFBB) a annonc\u00e9 samedi avoir \u00e9tabli un nouveau record de licenci\u00e9s pour la saison 2023-24, atteignant 765.909 membres, ce qui repr\u00e9sente une augmentation de 5,5 %.<\/p>\n<p>La F\u00e9d\u00e9ration fran\u00e7aise de basket (FFBB) a annonc\u00e9 samedi avoir battu lors de la saison 2023-24 son record de licenci\u00e9s, \u00e9tabli \u00e0 765.909, soit une hausse de 5,5 %.\u00a0Elle en comptait 725.009 en 2022-23, o\u00f9 il n&rsquo;y avait d\u00e9j\u00e0 jamais eu autant de licenci\u00e9s.<\/p>\n<p>    La suite apr\u00e8s cette publicit\u00e9<\/p>\n<p>    La suite apr\u00e8s cette publicit\u00e9<\/p>\n<p><a name=\"eztoc62172321_1\"\/>Refus de nouveaux joueurs<\/p>\n<p>La saison en cours s&rsquo;annonce encore plus fructueuse : la <a href=\"https:\/\/www.ffbb.com\/\" target=\"_self\" rel=\"noopener\">FFBB<\/a> a d\u00fb refuser \u00ab\u00a0entre 100.000 et 110.000\u00a0\u00bb joueurs et joueuses \u00e0 la rentr\u00e9e apr\u00e8s les deux m\u00e9dailles d&rsquo;argent d\u00e9croch\u00e9es par les \u00e9quipes de France aux Jeux de Paris cet \u00e9t\u00e9, principalement en raison d&rsquo;\u00e9quipements insuffisants, a pr\u00e9cis\u00e9 le pr\u00e9sident de la FFBB, <a href=\"https:\/\/www.europe1.fr\/emissions\/les-decideurs-du-sport\/jean-pierre-siutat-le-basket-francais-a-de-belles-a-vivre-devant-lui-4145176\" target=\"_self\" rel=\"noopener\">Jean-Pierre Siutat<\/a> , lors d&rsquo;un point presse \u00e0 Paris.<\/p>\n<p><a name=\"eztoc62172321_2\"\/>Bilan de Jean-Pierre Siutat<\/p>\n<p>En poste depuis 2010,\u00a0Jean-Pierre\u00a0Siutat, qui ne briguera pas de nouveau mandat lors de l&rsquo;assembl\u00e9e g\u00e9n\u00e9rale du 14 d\u00e9cembre, s&rsquo;est f\u00e9licit\u00e9 de <a href=\"https:\/\/www.europe1.fr\/sport\/la-ligue-francaise-de-basket-feminin-est-aujourdhui-une-des-meilleures-au-monde-assure-jean-pierre-4145174\" target=\"_self\" rel=\"noopener\">la place du basket en France<\/a> , \u00ab\u00a0deuxi\u00e8me sport collectif derri\u00e8re le football\u00a0\u00bb, et \u00ab\u00a0revendique le fait que la France soit une grande nation de basket dans le monde, ce n&rsquo;\u00e9tait pas acquis\u00a0\u00bb.\u00a0\u00ab\u00a0Terminer sur les Jeux en France et ce bilan, je consid\u00e8re que la route est finie\u00a0\u00bb, a-t-il ajout\u00e9.\u00a0Interrog\u00e9 sur la principale satisfaction qu&rsquo;il tire de ses 14 ann\u00e9es pass\u00e9es \u00e0 la t\u00eate de la FFBB, il a mis en avant \u00ab\u00a0une \u0153uvre\u00a0\u00bb. \u00ab\u00a0Ce n&rsquo;est pas le fait d&rsquo;avoir r\u00e9ussi un pont ou un virage, mais d&rsquo;avoir mis en service la route\u00a0\u00bb, a-t-il poursuivi, filant une m\u00e9taphore emprunt\u00e9e \u00e0 sa formation d&rsquo;ing\u00e9nieur dans les travaux publics.<\/p>\n<p>    La suite apr\u00e8s cette publicit\u00e9<\/p>\n<p>    La suite apr\u00e8s cette publicit\u00e9<\/p>\n<p><a name=\"eztoc62172321_3\"\/>Une ann\u00e9e difficile<\/p>\n<p>Il a indiqu\u00e9 terminer \u00ab\u00a0physiquement us\u00e9\u00a0\u00bb son dernier mandat, notamment apr\u00e8s avoir \u00ab\u00a0tr\u00e8s mal v\u00e9cu\u00a0\u00bb l&rsquo;ann\u00e9e 2023. Cette ann\u00e9e-l\u00e0, \u00e0 l&rsquo;oppos\u00e9 de leur<a href=\"https:\/\/www.europe1.fr\/sport\/basket-les-bleues-a-un-cheveu-de-decoiffer-les-reines-americaines-4262009\" target=\"_self\" rel=\"noopener\"> \u00e9t\u00e9 olympique<\/a> , les \u00e9quipes de France avaient obtenu des r\u00e9sultats en de\u00e7\u00e0 des attentes (m\u00e9daille de bronze \u00e0 l&rsquo;Euro pour les Bleues, \u00e9limination au 1er tour du Mondial pour les Bleus) et, sur un plan personnel, il avait \u00e9t\u00e9 battu \u00e0 la pr\u00e9sidence de la branche europ\u00e9enne de la F\u00e9d\u00e9ration internationale (Fiba Europe).<\/p>\n<p>Jean-Pierre Hunckler, premier vice-pr\u00e9sident et tr\u00e9sorier g\u00e9n\u00e9ral de la FFBB, devrait lui succ\u00e9der.\u00a0\u00ab\u00a0Je lui ai donn\u00e9 graduellement les dossiers. Il en conna\u00eet m\u00eame certains mieux que moi\u00a0\u00bb, a d\u00e9clar\u00e9 le pr\u00e9sident sortant.<\/p>\n","protected":false},"excerpt":{"rendered":"La F\u00e9d\u00e9ration fran\u00e7aise de basket (FFBB) a annonc\u00e9 samedi avoir \u00e9tabli un nouveau record de licenci\u00e9s pour la&hellip;\n","protected":false},"author":2,"featured_media":206662,"comment_status":"","ping_status":"","sticky":false,"template":"","format":"standard","meta":{"footnotes":""},"categories":[1414],"tags":[1465,1464,1011,27,60],"class_list":{"0":"post-206661","1":"post","2":"type-post","3":"status-publish","4":"format-standard","5":"has-post-thumbnail","7":"category-basket","8":"tag-basket","9":"tag-basketball","10":"tag-fr","11":"tag-france","12":"tag-sports"},"share_on_mastodon":{"url":"https:\/\/pubeurope.com\/@fr\/114751561059284558","error":""},"_links":{"self":[{"href":"https:\/\/www.europesays.com\/fr\/wp-json\/wp\/v2\/posts\/206661","targetHints":{"allow":["GET"]}}],"collection":[{"href":"https:\/\/www.europesays.com\/fr\/wp-json\/wp\/v2\/posts"}],"about":[{"href":"https:\/\/www.europesays.com\/fr\/wp-json\/wp\/v2\/types\/post"}],"author":[{"embeddable":true,"href":"https:\/\/www.europesays.com\/fr\/wp-json\/wp\/v2\/users\/2"}],"replies":[{"embeddable":true,"href":"https:\/\/www.europesays.com\/fr\/wp-json\/wp\/v2\/comments?post=206661"}],"version-history":[{"count":0,"href":"https:\/\/www.europesays.com\/fr\/wp-json\/wp\/v2\/posts\/206661\/revisions"}],"wp:featuredmedia":[{"embeddable":true,"href":"https:\/\/www.europesays.com\/fr\/wp-json\/wp\/v2\/media\/206662"}],"wp:attachment":[{"href":"https:\/\/www.europesays.com\/fr\/wp-json\/wp\/v2\/media?parent=206661"}],"wp:term":[{"taxonomy":"category","embeddable":true,"href":"https:\/\/www.europesays.com\/fr\/wp-json\/wp\/v2\/categories?post=206661"},{"taxonomy":"post_tag","embeddable":true,"href":"https:\/\/www.europesays.com\/fr\/wp-json\/wp\/v2\/tags?post=206661"}],"curies":[{"name":"wp","href":"https:\/\/api.w.org\/{rel}","templated":true}]}}