{"id":206671,"date":"2025-06-26T20:34:09","date_gmt":"2025-06-26T20:34:09","guid":{"rendered":"https:\/\/www.europesays.com\/fr\/206671\/"},"modified":"2025-06-26T20:34:09","modified_gmt":"2025-06-26T20:34:09","slug":"sa-pseudo-compagne-quon-aime-tant-pascal-obispo-allume-une-nouvelle-fois-laeticia-hallyday","status":"publish","type":"post","link":"https:\/\/www.europesays.com\/fr\/206671\/","title":{"rendered":"\u00ab\u00a0Sa pseudo-compagne qu\u2019on aime tant\u00a0\u00bb : Pascal Obispo allume une nouvelle fois Laeticia Hallyday"},"content":{"rendered":"<p>Entre <a href=\"https:\/\/www.public.fr\/tag\/pascal-obispo\" rel=\"nofollow noopener\" target=\"_blank\">Pascal Obispo<\/a> et <a href=\"https:\/\/www.public.fr\/tag\/laeticia-hallyday\" rel=\"nofollow noopener\" target=\"_blank\">Laeticia Hallyday<\/a>, ce n\u2019est pas le grand amour. Le chanteur de 60 ans ne s\u2019en est jamais cach\u00e9 et continue de le prouver. \u00c0 l\u2019occasion de la sortie du <a href=\"https:\/\/www.public.fr\/laura-smet-et-pascal-obispo-reglent-leurs-comptes-avec-laeticia-hallyday\" rel=\"nofollow noopener\" target=\"_blank\">titre hommage<\/a> \u00e0 <a href=\"https:\/\/www.public.fr\/tag\/johnny-hallyday\" rel=\"nofollow noopener\" target=\"_blank\">Johnny Hallyday<\/a>, <strong>\u00ab\u00a0Appelle-moi Johnny\u00a0\u00bb<\/strong>, en collaboration avec <a href=\"https:\/\/www.public.fr\/tag\/laura-smet\" rel=\"nofollow noopener\" target=\"_blank\">Laura Smet<\/a> qui appara\u00eet dans le clip, l\u2019interpr\u00e8te de \u00ab\u00a0Tomber pour elle\u00a0\u00bb taclait d\u00e9j\u00e0 subtilement la maman de Jade et Joy.<\/p>\n<p>N\u00e9anmoins, il y a quelques jours, il l&rsquo;a fait ouvertement lors de son passage dans l\u2019\u00e9mission <strong>\u00ab\u00a0D\u00e9cibels\u00a0\u00bb<\/strong> sur ICI comme le notent nos confr\u00e8res de Purecharts. Notamment lorsqu\u2019il a souhait\u00e9 revenir sur la cr\u00e9ation de l&rsquo;album <strong>\u00ab\u00a0Ce que je sais\u00a0\u00bb<\/strong> de <a href=\"https:\/\/vsd.fr\/tag\/johnny-hallyday\/\" rel=\"nofollow noopener\" target=\"_blank\">Johnny Hallyday<\/a>, sorti en 1998.<\/p>\n<p>Une prise de bec en studio avec Johnny Hallyday<\/p>\n<p>Un album dans lequel les fans ont pu d\u00e9couvrir un morceau devenu culte au fil des ann\u00e9es : <strong>\u00ab\u00a0Allumer le feu\u00a0\u00bb<\/strong>. \u00ab\u00a0Le premier jour de l&rsquo;enregistrement, \u00e7a a \u00e9t\u00e9 compliqu\u00e9 parce qu&rsquo;il a voulu me \u2018sentir un peu le cul\u2019 comme on dit, il a voulu me tester pour voir si j&rsquo;\u00e9tais honn\u00eate avec lui et si j&rsquo;\u00e9tais un homme qui \u00e9tait capable de mener la barque\u00a0\u00bb, se souvient Pascal Obispo.<\/p>\n<p>De fait, sans surprise, les deux artistes ont eu une l\u00e9g\u00e8re prise de bec. \u00ab\u00a0Il chantait, mais il chantait un peu. Et \u00e7a m&rsquo;a rendu fou. (&#8230;) Je dis : \u2018Tout le monde sort. Vous me laissez avec Johnny\u2019. Et je lui dis : \u2018Maintenant, tu vois ton album, tu vas le faire tout seul parce que moi je vais me casser, parce que si tu ne me donnes pas Johnny Hallyday, moi je n&rsquo;en ai rien \u00e0 foutre\u2019\u00a0\u00bb, se rem\u00e9more le chanteur de 60 ans.<\/p>\n<p>En explosant, Pascal Obispo a r\u00e9ussi \u00e0 soutirer une d\u00e9chirante confidence de la part de Johnny Hallyday : \u00ab\u00a0Oui mais je n&rsquo;ai pas confiance en moi\u00a0\u00bb, lui aurait l\u00e2ch\u00e9 le Taulier. De ce moment en d\u00e9coulera une amiti\u00e9 scell\u00e9e \u00e0 vie.\u00a0<\/p>\n<p>Pascal Obispo ne porte pas Laeticia Hallyday dans son coeur<\/p>\n<p>Car les ann\u00e9es qui s\u2019ensuivent, Johnny Hallyday et Pascal Obispo partageront de nombreux moments ensemble. D\u2019ailleurs, l\u2019interpr\u00e8te de <strong>\u00ab\u00a0Tomber pour elle\u00a0\u00bb<\/strong> le reconna\u00eet, m\u00eame s\u2019il appr\u00e9cie Laura Smet et David Hallyday, il appr\u00e9ciait surtout ses moments \u00ab\u00a0\u00e0 deux\u00a0\u00bb, seulement avec le Taulier.\u00a0<\/p>\n<p>\u00ab\u00a0Je pr\u00e9f\u00e9rais les moments o\u00f9 on \u00e9tait tous les deux. Quand on \u00e9tait tous les deux, il savait qu&rsquo;avec moi, il n&rsquo;y avait pas de mensonge. Lui, il avait besoin d&rsquo;\u00eatre tranquille. Parler des choses qu&rsquo;il aimait et \u00eatre vrai. C&rsquo;est vrai que c&rsquo;\u00e9tait difficile toujours \u00eatre en repr\u00e9sentation. M\u00eame s&rsquo;il d\u00e9testait la solitude\u00a0\u00bb, confie-t-il.<\/p>\n<p>Pascal Obispo a ensuite souhait\u00e9 revenir sur un autre moment important lors de leur accrochage pour l\u2019enregistrement de l\u2019album de Johnny Hallyday. \u00ab\u00a0Il avait \u00e9cart\u00e9 sa pseudo-compagne (Laeticia Hallyday, ndlr) et son producteur (Jean-Claude Camus, ndlr) qu&rsquo;on aime tant. Et il dit : \u2018Laissez-moi avec Pascal\u2019. Il \u00e9tait venu me voir et il m&rsquo;a dit : \u2018Sache que dans la vie, on est toujours seul\u2019. Toutes ces petites phrases de Johnny, moi \u00e7a me suffisait, on n&rsquo;avait pas besoin de faire de longs discours\u00a0\u00bb, r\u00e9v\u00e8le-t-il dans <strong>\u00ab\u00a0D\u00e9cibels\u00a0\u00bb<\/strong> sur ICI.<\/p>\n<p>Ces moments manquent \u00e9norm\u00e9ment \u00e0 Pascal Obispo. \u00ab\u00a0Je suis triste de ne plus l&rsquo;avoir, et d&rsquo;avoir \u00e9t\u00e9 un peu \u00e9vinc\u00e9. Les meilleurs moments, c&rsquo;\u00e9tait quand on \u00e9tait seuls avec lui. Parce que sinon, la smala autour, c&rsquo;\u00e9tait pas possible\u00a0\u00bb, conclut-il visiblement pas en bonne entente avec tout le clan Hallyday.<\/p>\n<p>      Mentionn\u00e9s dans cet article<\/p>\n<p>\u00c0 lire aussi<\/p>\n","protected":false},"excerpt":{"rendered":"Entre Pascal Obispo et Laeticia Hallyday, ce n\u2019est pas le grand amour. Le chanteur de 60 ans ne&hellip;\n","protected":false},"author":2,"featured_media":206672,"comment_status":"","ping_status":"","sticky":false,"template":"","format":"standard","meta":{"footnotes":""},"categories":[1359],"tags":[58,59,1011,27,1304,7648,15910,17603,973],"class_list":{"0":"post-206671","1":"post","2":"type-post","3":"status-publish","4":"format-standard","5":"has-post-thumbnail","7":"category-people","8":"tag-divertissement","9":"tag-entertainment","10":"tag-fr","11":"tag-france","12":"tag-johnny-hallyday","13":"tag-laeticia-hallyday","14":"tag-laura-smet","15":"tag-pascal-obispo","16":"tag-people"},"share_on_mastodon":{"url":"https:\/\/pubeurope.com\/@fr\/114751580940598335","error":""},"_links":{"self":[{"href":"https:\/\/www.europesays.com\/fr\/wp-json\/wp\/v2\/posts\/206671","targetHints":{"allow":["GET"]}}],"collection":[{"href":"https:\/\/www.europesays.com\/fr\/wp-json\/wp\/v2\/posts"}],"about":[{"href":"https:\/\/www.europesays.com\/fr\/wp-json\/wp\/v2\/types\/post"}],"author":[{"embeddable":true,"href":"https:\/\/www.europesays.com\/fr\/wp-json\/wp\/v2\/users\/2"}],"replies":[{"embeddable":true,"href":"https:\/\/www.europesays.com\/fr\/wp-json\/wp\/v2\/comments?post=206671"}],"version-history":[{"count":0,"href":"https:\/\/www.europesays.com\/fr\/wp-json\/wp\/v2\/posts\/206671\/revisions"}],"wp:featuredmedia":[{"embeddable":true,"href":"https:\/\/www.europesays.com\/fr\/wp-json\/wp\/v2\/media\/206672"}],"wp:attachment":[{"href":"https:\/\/www.europesays.com\/fr\/wp-json\/wp\/v2\/media?parent=206671"}],"wp:term":[{"taxonomy":"category","embeddable":true,"href":"https:\/\/www.europesays.com\/fr\/wp-json\/wp\/v2\/categories?post=206671"},{"taxonomy":"post_tag","embeddable":true,"href":"https:\/\/www.europesays.com\/fr\/wp-json\/wp\/v2\/tags?post=206671"}],"curies":[{"name":"wp","href":"https:\/\/api.w.org\/{rel}","templated":true}]}}