{"id":206673,"date":"2025-06-26T20:35:24","date_gmt":"2025-06-26T20:35:24","guid":{"rendered":"https:\/\/www.europesays.com\/fr\/206673\/"},"modified":"2025-06-26T20:35:24","modified_gmt":"2025-06-26T20:35:24","slug":"galeries-de-londres-une-scene-en-mouvement","status":"publish","type":"post","link":"https:\/\/www.europesays.com\/fr\/206673\/","title":{"rendered":"Galeries de Londres : une sc\u00e8ne en mouvement"},"content":{"rendered":"<p>La 5e \u00e9dition du London Gallery Weekend,\u00a0du 6 au 8 juin, a t\u00e9moign\u00e9 de\u00a0la vitalit\u00e9 de la ville : le panorama des galeries s&rsquo;y renouvelle avec\u00a0l&rsquo;arriv\u00e9e\u00a0de jeunes enseignes et de grands noms.<\/p>\n<p>Les comptes sont vite faits. Avec 126 galeries, dont 15 premi\u00e8res participations, le London Gallery Weekend (LGW) devance de loin son pendant parisien, qui ne r\u00e9unit que 77 enseignes. Depuis 2023, 28 des galeries \u00e0 l&rsquo;affiche du LGW ont ouvert\u00a0leur premier ou leur second espace en ville, ce qui repr\u00e9sente 2 \u00e0 3 ouvertures par mois sur deux ans et demi. \u00ab Post Covid et Brexit, les inqui\u00e9tudes \u00e9taient r\u00e9elles. Mais finalement, les choses ont bien boug\u00e9 et il y a toujours autant de circulation d&rsquo;\u0153uvres et de visiteurs.\u00a0Londres est un march\u00e9 \u00e9tonnamment r\u00e9silient, l&rsquo;\u00e9nergie se renouvelle constamment \u00bb,\u00a0constate Lucy Cowling, co-directrice de la galerie Emalin, qui a ouvert ses portes dans l&rsquo;Est de Londres en 2016, et un deuxi\u00e8me espace dans le quartier en janvier 2024. Ses bient\u00f4t dix ans d&rsquo;existence co\u00efncident avec la naissance et l&rsquo;enracinement progressif d&rsquo;une micro-sc\u00e8ne\u00a0locale aux ambitions macro. Lentement mais s\u00fbrement, les noms de Hackney et Shoreditch sont devenus synonymes de cool et artsy.\u00a0Aujourd&rsquo;hui, East London compte une bonne dizaine d&rsquo;enseignes \u00e0 l&rsquo;esprit avant-gardiste : Ilenia,\u00a0Nicoletti, Kate MacGarry, Neven Gallery, mother&rsquo;s tankstation, Soft Opening&#8230; \u00c0 l&rsquo;Ouest, le quartier de Bloomsbury, qui s&rsquo;est fait un nom au XXe\u00a0si\u00e8cle avec le\u00a0Bloomsbury Group\u2026<\/p>\n","protected":false},"excerpt":{"rendered":"La 5e \u00e9dition du London Gallery Weekend,\u00a0du 6 au 8 juin, a t\u00e9moign\u00e9 de\u00a0la vitalit\u00e9 de la ville&hellip;\n","protected":false},"author":2,"featured_media":206674,"comment_status":"","ping_status":"","sticky":false,"template":"","format":"standard","meta":{"footnotes":""},"categories":[1358],"tags":[1348,1384,1385,1386,58,59,1011,27,7455,4534],"class_list":{"0":"post-206673","1":"post","2":"type-post","3":"status-publish","4":"format-standard","5":"has-post-thumbnail","7":"category-arts-et-design","8":"tag-arts","9":"tag-arts-and-design","10":"tag-arts-et-design","11":"tag-design","12":"tag-divertissement","13":"tag-entertainment","14":"tag-fr","15":"tag-france","16":"tag-galeries","17":"tag-londres"},"share_on_mastodon":{"url":"https:\/\/pubeurope.com\/@fr\/114751584565127200","error":""},"_links":{"self":[{"href":"https:\/\/www.europesays.com\/fr\/wp-json\/wp\/v2\/posts\/206673","targetHints":{"allow":["GET"]}}],"collection":[{"href":"https:\/\/www.europesays.com\/fr\/wp-json\/wp\/v2\/posts"}],"about":[{"href":"https:\/\/www.europesays.com\/fr\/wp-json\/wp\/v2\/types\/post"}],"author":[{"embeddable":true,"href":"https:\/\/www.europesays.com\/fr\/wp-json\/wp\/v2\/users\/2"}],"replies":[{"embeddable":true,"href":"https:\/\/www.europesays.com\/fr\/wp-json\/wp\/v2\/comments?post=206673"}],"version-history":[{"count":0,"href":"https:\/\/www.europesays.com\/fr\/wp-json\/wp\/v2\/posts\/206673\/revisions"}],"wp:featuredmedia":[{"embeddable":true,"href":"https:\/\/www.europesays.com\/fr\/wp-json\/wp\/v2\/media\/206674"}],"wp:attachment":[{"href":"https:\/\/www.europesays.com\/fr\/wp-json\/wp\/v2\/media?parent=206673"}],"wp:term":[{"taxonomy":"category","embeddable":true,"href":"https:\/\/www.europesays.com\/fr\/wp-json\/wp\/v2\/categories?post=206673"},{"taxonomy":"post_tag","embeddable":true,"href":"https:\/\/www.europesays.com\/fr\/wp-json\/wp\/v2\/tags?post=206673"}],"curies":[{"name":"wp","href":"https:\/\/api.w.org\/{rel}","templated":true}]}}