{"id":206677,"date":"2025-06-26T20:38:23","date_gmt":"2025-06-26T20:38:23","guid":{"rendered":"https:\/\/www.europesays.com\/fr\/206677\/"},"modified":"2025-06-26T20:38:23","modified_gmt":"2025-06-26T20:38:23","slug":"une-suite-est-elle-prevue-la-realisatrice-prend-position","status":"publish","type":"post","link":"https:\/\/www.europesays.com\/fr\/206677\/","title":{"rendered":"Une suite est-elle pr\u00e9vue ? La r\u00e9alisatrice prend position"},"content":{"rendered":"<p>Il est de retour tout en haut du top Netflix ! Le film d\u2019animation K-Pop Demon Hunters continue d\u2019attirer les abonn\u00e9s. Un 2e volet est-il possible ? La r\u00e9alisatrice a donn\u00e9 son avis, et on a d\u00e9j\u00e0 quelques pistes sur la suite.<\/p>\n<p>C\u2019est un succ\u00e8s auquel personne ne s\u2019attendait. Le vendredi 20 juin, Netflix mettait en ligne un tout nouveau <a href=\"https:\/\/www.programme-tv.net\/news\/cinema\/300215-netflix-notre-top-10-des-meilleurs-films-danimation-a-voir\/\" data-api-deeplink=\"teleloisirs:\/\/news\/300215\" target=\"_blank\" rel=\"noopener\">film d\u2019animation<\/a>, <b>K-pop Demon Hunters<\/b>. Contre toute attente, le long m\u00e9trage s\u2019est retrouv\u00e9 num\u00e9ro 1 du top, en France et dans de nombreux autres pays. Pour sa premi\u00e8re semaine, il est le deuxi\u00e8me film le plus vu dans le monde avec 9,2 millions de vues et il est pr\u00e9sent dans le top 10 de 80 pays. S\u2019il a \u00e9t\u00e9 un temps d\u00e9log\u00e9 de sa premi\u00e8re place par <a href=\"https:\/\/www.programme-tv.net\/news\/cinema\/381887-le-film-numero-1-du-moment-sur-netflix-ne-dure-que-55-minutes\/\" data-api-deeplink=\"teleloisirs:\/\/news\/381887\" target=\"_blank\" rel=\"noopener\">un documentaire qui dure seulement 55 minutes<\/a>, K-Pop Demon Hunters est de retour sur la premi\u00e8re marche. <a href=\"https:\/\/www.programme-tv.net\/news\/cinema\/381710-k-pop-demon-hunters-netflix-quelles-vraies-stars-coreennes-ont-inspire-le-film-le-plus-vu-du-moment\/\" data-api-deeplink=\"teleloisirs:\/\/news\/381710\" target=\"_blank\" rel=\"noopener\">Le film qui s\u2019inspire de vraies stars de la K-pop<\/a> pourrait-il avoir une suite ?<\/p>\n<p>K-Pop Demon Hunters 2 : la r\u00e9alisatrice est partante pour une suite<\/p>\n<p>Face \u00e0 l\u2019engouement g\u00e9n\u00e9ral et aux tr\u00e8s bons retours des spectateurs et des critiques (le film est recommand\u00e9 \u00e0 96% par la presse sur le site RottenTomatoes), une suite de K-Pop Demon Hunters n\u2019est pas \u00e0 exclure. En tout cas, la co-r\u00e9alisatrice, Maggie Kang, semble partante pour un nouveau volet. Interrog\u00e9e par ScreenRant sur un possible deuxi\u00e8me film, elle a d\u00e9clar\u00e9 qu\u2019elle avait \u00ab\u00a0toujours\u00a0\u00bb des id\u00e9es pour poursuivre l\u2019aventure. \u00ab\u00a0Il y a tellement d\u2019histoires parall\u00e8les, et nous avons pens\u00e9 \u00e0 certaines choses en faisant ce film. On r\u00e9pond \u00e0 beaucoup de questions, mais pas totalement. Je pense qu\u2019il y a encore beaucoup de choses \u00e0 explorer\u00a0\u00bb a-t-elle d\u00e9clar\u00e9.<\/p>\n<p>                        K-Pop Demon Hunters 2 : la fin laisse la porte ouverte \u00e0 une suite<\/p>\n<p>K-Pop Demon Hunters offre une conclusion satisfaisante \u00e0 l\u2019histoire. Apr\u00e8s avoir d\u00e9couvert la v\u00e9rit\u00e9 sur les origines de Rumi, ses amies et membres du groupe Huntrix se joignent de nouveau \u00e0 elle pour combattre Gwi-ma et repousser les d\u00e9mons. Jinu se sacrifie pour sauver Rumi, et les filles r\u00e9ussissent \u00e0 restaurer le Honmoon qui prot\u00e8ge la Terre des d\u00e9mons. Mais Jinu est-il r\u00e9ellement mort ? On peut se poser la question puisque, \u00e0 la toute fin du film, on peut apercevoir les deux repr\u00e9sentations de son esprit, le corbeau et le tigre. Une chose qui laisse penser que le personnage pourrait bien revenir en cas de suite. De plus, les plus observateurs auront remarqu\u00e9 que tous les membres des Saja Boys ne sont pas tu\u00e9s \u00e0 l\u2019\u00e9cran, puisqu\u2019on ne voit pas les morts de Baby et Romance.<\/p>\n<p>            K-Pop Demon Hunters : cette id\u00e9e des internautes pour un deuxi\u00e8me film<\/p>\n<p>En plus d\u2019un retour de Jinu, les internautes ont une autre id\u00e9e pour un second volet : raconter l\u2019histoire des parents de Rumi. En effet, on sait que le p\u00e8re de la jeune femme \u00e9tait un d\u00e9mon et que sa m\u00e8re \u00e9tait une chasseuse de d\u00e9mons. Une histoire d\u2019amour interdite qui pourrait \u00eatre l\u2019intrigue id\u00e9ale pour un nouveau film se d\u00e9roulant dans cet univers selon les internautes. Reste \u00e0 savoir si Netflix d\u00e9cidera de donner une suite \u00e0 K-Pop Demon Hunters.<\/p>\n","protected":false},"excerpt":{"rendered":"Il est de retour tout en haut du top Netflix ! Le film d\u2019animation K-Pop Demon Hunters continue&hellip;\n","protected":false},"author":2,"featured_media":206678,"comment_status":"","ping_status":"","sticky":false,"template":"","format":"standard","meta":{"footnotes":""},"categories":[1355],"tags":[244,58,59,6214,1011,27,34562,1361,873,127,1722,129],"class_list":{"0":"post-206677","1":"post","2":"type-post","3":"status-publish","4":"format-standard","5":"has-post-thumbnail","7":"category-musique","8":"tag-commentaire","9":"tag-divertissement","10":"tag-entertainment","11":"tag-film-netflix","12":"tag-fr","13":"tag-france","14":"tag-k-pop-demon-hunters","15":"tag-music","16":"tag-musique","17":"tag-netflix","18":"tag-pub-streaming-netflix","19":"tag-svod"},"share_on_mastodon":{"url":"https:\/\/pubeurope.com\/@fr\/114751596419810127","error":""},"_links":{"self":[{"href":"https:\/\/www.europesays.com\/fr\/wp-json\/wp\/v2\/posts\/206677","targetHints":{"allow":["GET"]}}],"collection":[{"href":"https:\/\/www.europesays.com\/fr\/wp-json\/wp\/v2\/posts"}],"about":[{"href":"https:\/\/www.europesays.com\/fr\/wp-json\/wp\/v2\/types\/post"}],"author":[{"embeddable":true,"href":"https:\/\/www.europesays.com\/fr\/wp-json\/wp\/v2\/users\/2"}],"replies":[{"embeddable":true,"href":"https:\/\/www.europesays.com\/fr\/wp-json\/wp\/v2\/comments?post=206677"}],"version-history":[{"count":0,"href":"https:\/\/www.europesays.com\/fr\/wp-json\/wp\/v2\/posts\/206677\/revisions"}],"wp:featuredmedia":[{"embeddable":true,"href":"https:\/\/www.europesays.com\/fr\/wp-json\/wp\/v2\/media\/206678"}],"wp:attachment":[{"href":"https:\/\/www.europesays.com\/fr\/wp-json\/wp\/v2\/media?parent=206677"}],"wp:term":[{"taxonomy":"category","embeddable":true,"href":"https:\/\/www.europesays.com\/fr\/wp-json\/wp\/v2\/categories?post=206677"},{"taxonomy":"post_tag","embeddable":true,"href":"https:\/\/www.europesays.com\/fr\/wp-json\/wp\/v2\/tags?post=206677"}],"curies":[{"name":"wp","href":"https:\/\/api.w.org\/{rel}","templated":true}]}}