{"id":206681,"date":"2025-06-26T20:40:11","date_gmt":"2025-06-26T20:40:11","guid":{"rendered":"https:\/\/www.europesays.com\/fr\/206681\/"},"modified":"2025-06-26T20:40:11","modified_gmt":"2025-06-26T20:40:11","slug":"il-faut-sattendre-a-une-augmentation-des-risques-depidemie-en-france","status":"publish","type":"post","link":"https:\/\/www.europesays.com\/fr\/206681\/","title":{"rendered":"\u00abIl faut s\u2019attendre \u00e0 une augmentation des risques d\u2019\u00e9pid\u00e9mie en France\u00bb"},"content":{"rendered":"<p><strong>ENTRETIEN &#8211;<\/strong> Les cas autochtones de chikungunya augmentent en France m\u00e9tropolitaine, \u00e0 une vitesse et une pr\u00e9cocit\u00e9 jamais observ\u00e9e jusqu\u2019\u00e0 maintenant. Le Figaro fait le point avec Marie-Claire Paty, m\u00e9decin \u00e9pid\u00e9miologiste \u00e0 Sant\u00e9 publique France.<\/p>\n<p class=\"fig-paragraph\">Coordonnatrice de la surveillance des maladies vectorielles chez Sant\u00e9 publique France et m\u00e9decin \u00e9pid\u00e9miologiste, Marie-Claire Paty commente l\u2019augmentation du nombre de cas autochtones et dresse le bilan de la propagation du virus du chikungunya sur le territoire m\u00e9tropolitain.<\/p>\n<p class=\"fig-paragraph\"><strong>LE FIGARO. &#8211; Comment se manifeste le virus du chikungunya et pour qui est-il dangereux\u00a0?<\/strong><\/p>\n<p class=\"fig-paragraph\"><strong>Marie-Claire PATY.<\/strong> &#8211; Le chikungunya est une maladie dont l\u2019intensit\u00e9 varie fortement d\u2019un individu \u00e0 l\u2019autre. Dans sa forme simple on d\u00e9veloppe de la fatigue et de la fi\u00e8vre, qui vont dispara\u00eetre en 1 \u00e0 3\u00a0semaines. Certains vont aussi d\u00e9velopper des douleurs chroniques articulaires qui peuvent perdurer plusieurs mois. Mais il peut y avoir des complications plus graves concernant davantage les personnes vuln\u00e9rables &#8211; nouveau-n\u00e9s, personnes \u00e2g\u00e9es ou souffrant de pathologies sous-jacentes &#8211; qui peuvent, dans certains cas, conduire au d\u00e9c\u00e8s.<\/p>\n<p class=\"fig-body-link\">\n            \u00c0 lire aussi<br \/>\n        <a class=\"fig-body-link__link fig-premium-mark\" href=\"http:\/\/www.lefigaro.fr\/societes\/nous-craignons-que-les-reservations-restent-timides-a-la-reunion-l-epidemie-de-chikungunya-plombe-le-tourisme-20250523\" data-fig-type=\"Article\" data-gtm-custom-categorie=\"navigation\" data-gtm-custom-action=\"crossclick\" data-gtm-custom-label=\"Contextuel\" data-gtm-event=\"customEventSPE\" data-fig-domain=\"LEFIGARO\" target=\"_blank\" rel=\"noopener\">\u00ab\u00a0Nous craignons que les r\u00e9servations restent timides\u00a0\u00bb\u00a0: \u00e0 La R\u00e9union, l\u2019\u00e9pid\u00e9mie de chikungunya plombe le tourisme<br \/>\n    <\/a>\n<\/p>\n<p class=\"fig-paragraph\"><strong>Qu\u2019est-ce qu\u2019un cas autochtone\u00a0?<\/strong><\/p>\n<p class=\"fig-paragraph\">On parle de cas autochtone lorsqu\u2019une personne contracte\u2026<\/p>\n<p class=\"fig-premium-paywall__infos\">\n        Cet article est r\u00e9serv\u00e9 aux abonn\u00e9s.        Il vous reste 80% \u00e0 d\u00e9couvrir.\n    <\/p>\n<p>                <img  data- alt=\"Le Figaro\" class=\"fig-img--complete fig-img\"\/><\/p>\n<p class=\"fig-premium-paywall__title\">Vente Flash : derniers jours<\/p>\n<p class=\"fig-premium-paywall__subtitle\">3,99\u20ac par mois pendant 12 mois. Sans engagement.<\/p>\n<p class=\"fig-premium-paywall__connect\">\n                D\u00e9j\u00e0 abonn\u00e9\u00a0?                <a class=\"fig-premium-paywall__connect-link\" href=\"https:\/\/connect.lefigaro.fr\/login?client=sante_web&amp;type=main&amp;redirect_uri=https%3A%2F%2Fsante.lefigaro.fr%2Fsocial%2Fsante-publique%2Fchikungunya-il-faut-s-attendre-a-une-augmentation-des-risques-d-epidemie-en-france-20250626\" data-js-gtm=\"{&quot;customCategorie&quot;: &quot;conversion&quot;, &quot;customAction&quot;: &quot;before_Landing_Connexion_paywall_auto&quot;, &quot;customLabel&quot;: &quot;c2FudGUubGVmaWdhcm8uZnJfXzFmMDUyNmUwLTE2ODgtNjM0Mi1iYmJhLWZiM2E2NTE4ODNlN19fQXJ0aWNsZQ==_Chikungunya: \u00abIl faut s\u2019attendre \u00e0 une augmentation des risques d\u2019\u00e9pid\u00e9mie en France\u00bb_48&quot;, &quot;customIDSPE&quot;: &quot;c2FudGUubGVmaWdhcm8uZnJfXzFmMDUyNmUwLTE2ODgtNjM0Mi1iYmJhLWZiM2E2NTE4ODNlN19fQXJ0aWNsZQ==&quot;, &quot;event&quot;: &quot;customEventSPE&quot;}\" target=\"_blank\" rel=\"noopener\"><br \/>\n                    Connectez-vous<br \/>\n                <\/a>\n            <\/p>\n","protected":false},"excerpt":{"rendered":"ENTRETIEN &#8211; Les cas autochtones de chikungunya augmentent en France m\u00e9tropolitaine, \u00e0 une vitesse et une pr\u00e9cocit\u00e9 jamais&hellip;\n","protected":false},"author":2,"featured_media":206682,"comment_status":"","ping_status":"","sticky":false,"template":"","format":"standard","meta":{"footnotes":""},"categories":[10],"tags":[442,228,440,441,436,1011,27,72,226,439,229,71,435,437,227,438],"class_list":{"0":"post-206681","1":"post","2":"type-post","3":"status-publish","4":"format-standard","5":"has-post-thumbnail","7":"category-sante","8":"tag-administration-de-la-sante","9":"tag-diagnostic","10":"tag-droit-a-la-sante","11":"tag-education-sanitaire-education-sanitaire-individuelle-et-collective","12":"tag-environnement","13":"tag-fr","14":"tag-france","15":"tag-health","16":"tag-maladie","17":"tag-niveau-de-vie","18":"tag-pathologie","19":"tag-sante","20":"tag-sante-de-la-population","21":"tag-services-medicaux","22":"tag-traitement","23":"tag-traitement-preventif"},"share_on_mastodon":{"url":"https:\/\/pubeurope.com\/@fr\/114751604310595896","error":""},"_links":{"self":[{"href":"https:\/\/www.europesays.com\/fr\/wp-json\/wp\/v2\/posts\/206681","targetHints":{"allow":["GET"]}}],"collection":[{"href":"https:\/\/www.europesays.com\/fr\/wp-json\/wp\/v2\/posts"}],"about":[{"href":"https:\/\/www.europesays.com\/fr\/wp-json\/wp\/v2\/types\/post"}],"author":[{"embeddable":true,"href":"https:\/\/www.europesays.com\/fr\/wp-json\/wp\/v2\/users\/2"}],"replies":[{"embeddable":true,"href":"https:\/\/www.europesays.com\/fr\/wp-json\/wp\/v2\/comments?post=206681"}],"version-history":[{"count":0,"href":"https:\/\/www.europesays.com\/fr\/wp-json\/wp\/v2\/posts\/206681\/revisions"}],"wp:featuredmedia":[{"embeddable":true,"href":"https:\/\/www.europesays.com\/fr\/wp-json\/wp\/v2\/media\/206682"}],"wp:attachment":[{"href":"https:\/\/www.europesays.com\/fr\/wp-json\/wp\/v2\/media?parent=206681"}],"wp:term":[{"taxonomy":"category","embeddable":true,"href":"https:\/\/www.europesays.com\/fr\/wp-json\/wp\/v2\/categories?post=206681"},{"taxonomy":"post_tag","embeddable":true,"href":"https:\/\/www.europesays.com\/fr\/wp-json\/wp\/v2\/tags?post=206681"}],"curies":[{"name":"wp","href":"https:\/\/api.w.org\/{rel}","templated":true}]}}