{"id":206685,"date":"2025-06-26T20:42:12","date_gmt":"2025-06-26T20:42:12","guid":{"rendered":"https:\/\/www.europesays.com\/fr\/206685\/"},"modified":"2025-06-26T20:42:12","modified_gmt":"2025-06-26T20:42:12","slug":"anne-sophie-lapix-a-fait-ses-adieux-au-20h-de-france-2-et-a-pu-revoir-ses-meilleures-perles","status":"publish","type":"post","link":"https:\/\/www.europesays.com\/fr\/206685\/","title":{"rendered":"Anne-Sophie Lapix a fait ses adieux au 20H de France 2\u00a0et a pu revoir ses meilleures perles"},"content":{"rendered":"<p>        <img decoding=\"async\" loading=\"lazy\" src=\"https:\/\/www.europesays.com\/fr\/wp-content\/uploads\/2025\/06\/47f6bcf_upload-1-xnqslqxy4na0-screenshot-2025-06-26-20-05-38-720.png\"  width=\"728\" height=\"410\" alt=\"Anne-Sophie\u00a0Lapix\u00a0pr\u00e9sentait ce jeudi 26\u00a0juin son dernier JT sur France 2.\"\/>   <\/p>\n<p>Anne-Sophie\u00a0Lapix\u00a0pr\u00e9sentait ce jeudi 26\u00a0juin son dernier JT sur France 2.<\/p>\n<p class=\"asset asset-text\">M\u00c9DIAS &#8211; Sobri\u00e9t\u00e9 et classe. \u00c9cart\u00e9e de la pr\u00e9sentation du 20H de France 2, <a href=\"https:\/\/www.huffingtonpost.fr\/medias\/article\/anne-sophie-lapix-rejoint-rtl-et-m6-apres-son-depart-de-france-2_251412.html\" target=\"_blank\" rel=\"noopener\">Anne-Sophie\u00a0Lapix<\/a>\u00a0pr\u00e9sentait ce jeudi 26\u00a0juin son <a href=\"https:\/\/www.huffingtonpost.fr\/medias\/article\/a-travers-anne-sophie-lapix-qui-quitte-le-20h-de-france-2-claire-chazal-revit-son-propre-depart-de-tf1_250651.html\" target=\"_blank\" rel=\"noopener\">dernier journal<\/a>. L\u2019heure pour la journaliste de 53\u00a0ans de faire ses adieux aux t\u00e9l\u00e9spectateurs qu\u2019elle accompagnait chaque soir depuis huit ans.<\/p>\n<p class=\"asset asset-text\">La journaliste Maryse Burgot est arriv\u00e9e en fin de journal. \u00ab\u00a0On vous a pr\u00e9par\u00e9 une petite surprise\u00a0\u00bb, a-t-elle lanc\u00e9 avant de diffuser une vid\u00e9o retra\u00e7ant les moments forts d\u2019Anne-Sophie Lapix. De ses interviews piquantes,<a href=\"https:\/\/www.huffingtonpost.fr\/politique\/article\/anne-sophie-lapix-a-laisse-xavier-bertrand-sans-voix-avec-cette-remarque_187000.html\" target=\"_blank\" rel=\"noopener\"> notamment celle m\u00e9morable avec Xavier Bertrand<\/a>, mais aussi ses fous rires en direct ou encore ses <a href=\"https:\/\/www.huffingtonpost.fr\/medias\/video\/anne-sophie-lapix-regale-les-telespectateurs-de-france-2-avec-un-jt-de-20h-en-chanson_250682.html\" target=\"_blank\" rel=\"noopener\">JT en chanson<\/a>\u00a0: toutes les \u00ab\u00a0perles\u00a0\u00bb de la pr\u00e9sentatrice \u00e9taient l\u00e0.<\/p>\n<p> La lecture de ce contenu est susceptible d\u2019entra\u00eener un d\u00e9p\u00f4t de cookies de la part de l\u2019op\u00e9rateur tiers qui l\u2019h\u00e9berge. Compte-tenu des choix que vous avez exprim\u00e9s en mati\u00e8re de d\u00e9p\u00f4t de cookies, nous avons bloqu\u00e9 l\u2019affichage de ce contenu. Si vous souhaitez y acc\u00e9der, vous devez accepter la cat\u00e9gorie de cookies \u201cContenus tiers\u201d en cliquant sur le bouton ci-dessous. <\/p>\n<p> Lire la Vid\u00e9o        <\/p>\n<p class=\"asset asset-text\">\u00ab\u00a0Je souhaite bonne chance \u00e0 L\u00e9a Salam\u00e9 (qui la remplacera NDLR), qui est tr\u00e8s talentueuse, tr\u00e8s forte et chaleureuse\u00a0\u00bb, a dit dans ses derniers mots Anne-Sophie Lapix, avant de remercier tout ceux qui l\u2019ont aid\u00e9e dans cette aventure. \u00ab\u00a0Merci \u00e0 mon mari, ma famille, mes enfants, ma maman\u00a0\u00bb, a conclu la journaliste sous les applaudissements de son \u00e9quipe.<\/p>\n<p class=\"asset asset-text\">Lors de cette derni\u00e8re soir\u00e9e en plateau, la pr\u00e9sentatrice a aussi \u00ab\u00a0remerci\u00e9\u00a0\u00bb le journaliste sp\u00e9cialis\u00e9 dans l\u2019\u00e9conomie Jean-Paul Chapel, \u00e9mu, qui l\u2019a enlac\u00e9e en lui disant \u00ab\u00a0c\u2019est moi qui doit vous remercier\u00a0\u00bb.<\/p>\n<p> La lecture de ce contenu est susceptible d\u2019entra\u00eener un d\u00e9p\u00f4t de cookies de la part de l\u2019op\u00e9rateur tiers qui l\u2019h\u00e9berge. Compte-tenu des choix que vous avez exprim\u00e9s en mati\u00e8re de d\u00e9p\u00f4t de cookies, nous avons bloqu\u00e9 l\u2019affichage de ce contenu. Si vous souhaitez y acc\u00e9der, vous devez accepter la cat\u00e9gorie de cookies \u201cContenus tiers\u201d en cliquant sur le bouton ci-dessous. <\/p>\n<p> Lire la Vid\u00e9o        <\/p>\n<p class=\"asset asset-text\">Le pr\u00e9sentateur du 13\u00a0Heures de France\u00a02, Julian Bugier, avait lui aussi, quelques heures plus t\u00f4t, salu\u00e9 le d\u00e9part de sa coll\u00e8gue. \u00ab\u00a0Ce sera son dernier sur France 2 apr\u00e8s huit ann\u00e9es \u00e0 vous informer avec le talent, la rigueur, la bonne humeur qui la caract\u00e9risent\u00a0et son \u00e9l\u00e9gance, aussi, elle en a beaucoup\u00a0\u00bb, a soulign\u00e9 le journaliste.<\/p>\n<p>    Une suite de carri\u00e8re d\u00e9j\u00e0 toute trac\u00e9e    <\/p>\n<p class=\"asset asset-text\">\u00c0 partir du 25\u00a0ao\u00fbt \u00ab\u00a0sur RTL, Anne-Sophie\u00a0Lapix\u00a0prendra les commandes du 18\/20\u00a0\u00bb, succ\u00e9dant \u00e0 Yves Calvi, avait indiqu\u00e9 le groupe propri\u00e9taire de la station, il y a quelques semaines. \u00ab\u00a0Elle animera la tranche d\u2019information de 18H00 \u00e0 19H15 du lundi au jeudi, suivi de 19H15 \u00e0 20H00 par On refait le monde, la grande \u00e9mission de d\u00e9bats et de d\u00e9cryptage\u00a0\u00bb, selon le communiqu\u00e9.<\/p>\n<p class=\"asset asset-text\">Sur la cha\u00eene t\u00e9l\u00e9 M6, la journaliste \u00ab\u00a0proposera chaque semaine un grand entretien dominical avec une personnalit\u00e9 qui fait l\u2019actualit\u00e9\u00a0\u00bb, issue \u00ab\u00a0du monde politique, \u00e9conomique, culturel ou soci\u00e9tal\u00a0\u00bb, a ajout\u00e9 le groupe.<\/p>\n<p class=\"asset asset-text\">En outre, Anne-Sophie\u00a0Lapix \u00ab\u00a0prendra les commandes de primes \u00e9v\u00e9nementiels (soir\u00e9es sp\u00e9ciales, NDLR) sur M6 consacr\u00e9s aux grands sujets politiques, soci\u00e9taux ou d\u2019actualit\u00e9\u00a0\u00bb, notamment \u00ab\u00a0dans le cadre des \u00e9ch\u00e9ances \u00e9lectorales \u00e0 venir\u00a0\u00bb.<\/p>\n","protected":false},"excerpt":{"rendered":"Anne-Sophie\u00a0Lapix\u00a0pr\u00e9sentait ce jeudi 26\u00a0juin son dernier JT sur France 2. M\u00c9DIAS &#8211; Sobri\u00e9t\u00e9 et classe. \u00c9cart\u00e9e de la&hellip;\n","protected":false},"author":2,"featured_media":206686,"comment_status":"","ping_status":"","sticky":false,"template":"","format":"standard","meta":{"footnotes":""},"categories":[8],"tags":[21313,251,58,59,1011,27,2400,26507,500],"class_list":{"0":"post-206685","1":"post","2":"type-post","3":"status-publish","4":"format-standard","5":"has-post-thumbnail","7":"category-divertissement","8":"tag-anne-sophie-lapix","9":"tag-culture","10":"tag-divertissement","11":"tag-entertainment","12":"tag-fr","13":"tag-france","14":"tag-france-televisions","15":"tag-jt-france-2","16":"tag-medias"},"share_on_mastodon":{"url":"https:\/\/pubeurope.com\/@fr\/114751612386796110","error":""},"_links":{"self":[{"href":"https:\/\/www.europesays.com\/fr\/wp-json\/wp\/v2\/posts\/206685","targetHints":{"allow":["GET"]}}],"collection":[{"href":"https:\/\/www.europesays.com\/fr\/wp-json\/wp\/v2\/posts"}],"about":[{"href":"https:\/\/www.europesays.com\/fr\/wp-json\/wp\/v2\/types\/post"}],"author":[{"embeddable":true,"href":"https:\/\/www.europesays.com\/fr\/wp-json\/wp\/v2\/users\/2"}],"replies":[{"embeddable":true,"href":"https:\/\/www.europesays.com\/fr\/wp-json\/wp\/v2\/comments?post=206685"}],"version-history":[{"count":0,"href":"https:\/\/www.europesays.com\/fr\/wp-json\/wp\/v2\/posts\/206685\/revisions"}],"wp:featuredmedia":[{"embeddable":true,"href":"https:\/\/www.europesays.com\/fr\/wp-json\/wp\/v2\/media\/206686"}],"wp:attachment":[{"href":"https:\/\/www.europesays.com\/fr\/wp-json\/wp\/v2\/media?parent=206685"}],"wp:term":[{"taxonomy":"category","embeddable":true,"href":"https:\/\/www.europesays.com\/fr\/wp-json\/wp\/v2\/categories?post=206685"},{"taxonomy":"post_tag","embeddable":true,"href":"https:\/\/www.europesays.com\/fr\/wp-json\/wp\/v2\/tags?post=206685"}],"curies":[{"name":"wp","href":"https:\/\/api.w.org\/{rel}","templated":true}]}}