{"id":206695,"date":"2025-06-26T20:47:13","date_gmt":"2025-06-26T20:47:13","guid":{"rendered":"https:\/\/www.europesays.com\/fr\/206695\/"},"modified":"2025-06-26T20:47:13","modified_gmt":"2025-06-26T20:47:13","slug":"malgres-que-comme-meme-de-base-le-niveau-inquietant-des-candidats-au-concours-des-professeurs-des-ecoles","status":"publish","type":"post","link":"https:\/\/www.europesays.com\/fr\/206695\/","title":{"rendered":"\u00abMalgr\u00e9s que\u00bb, \u00abcomme m\u00eame\u00bb, \u00abde base\u00bb\u2026 Le niveau inqui\u00e9tant des candidats au concours des professeurs des \u00e9coles"},"content":{"rendered":"<p><strong>ENQU\u00caTE &#8211; <\/strong>Alors que les candidats sont de moins en moins nombreux, l\u2019\u00c9ducation nationale revoit ses exigences \u00e0 la baisse. Les effectifs de contractuels, moins qualifi\u00e9s, grossissent.<\/p>\n<p class=\"fig-paragraph\">Une note de 6 sur 20 pour l\u2019acad\u00e9mie de Cr\u00e9teil, 7\u00a0pour celle de Versailles, 8\u00a0pour Paris et Orl\u00e9ans-Tours. Comment ne pas s\u2019alarmer de ces faibles \u00ab\u00a0barres\u00a0\u00bb d\u2019admissibilit\u00e9 au\u00a0<a href=\"http:\/\/www.lefigaro.fr\/actualite-france\/on-a-besoin-d-un-electrochoc-les-inscriptions-aux-concours-d-enseignants-encore-a-la-baisse-20250218\" target=\"_blank\" data-fig-type=\"Article\" rel=\"noopener nofollow\" data-gtm-custom-categorie=\"navigation\" data-gtm-custom-action=\"crossclick\" data-gtm-custom-label=\"Contextuel\" data-gtm-event=\"customEventSPE\" data-fig-domain=\"LEFIGARO\">concours de professeurs des \u00e9coles 2025<\/a>\u00a0? Un ph\u00e9nom\u00e8ne d\u2019autant plus inqui\u00e9tant qu\u2019il est ancien. Ces notes seuils, qui permettent\u00a0<a href=\"http:\/\/www.lefigaro.fr\/actualite-france\/je-ne-comprends-pas-ce-qu-on-attend-de-nous-au-concours-enseignant-le-depit-des-candidats-saques-par-le-jury-20220707\" target=\"_blank\" data-fig-type=\"Article\" rel=\"noopener nofollow\" data-gtm-custom-categorie=\"navigation\" data-gtm-custom-action=\"crossclick\" data-gtm-custom-label=\"Contextuel\" data-gtm-event=\"customEventSPE\" data-fig-domain=\"LEFIGARO\">d\u2019acc\u00e9der \u00e0 l\u2019oral<\/a>, ont eu tendance \u00e0 chuter ces derni\u00e8res ann\u00e9es. Mais elles sont aussi disparates selon les territoires. Pour Rennes, l\u2019acad\u00e9mie la plus performante, la barre se situe \u00e0\u00a013,25. L\u2019\u00e9cole de la R\u00e9publique ressemble de plus en plus \u00e0 un mythe.<\/p>\n<p class=\"fig-paragraph\">Les rapports des jurys permettent \u00e9galement de se faire une id\u00e9e du niveau des aspirants professeurs des \u00e9coles. \u00ab\u00a0Pr\u00e8s de 25% des copies contiennent\u00a0<a href=\"http:\/\/www.lefigaro.fr\/langue-francaise\/actu-des-mots\/sanctionner-les-fautes-d-orthographe-aux-examens-la-question-divise-les-enseignants-20250525\" target=\"_blank\" data-fig-type=\"Article\" rel=\"noopener nofollow\" data-gtm-custom-categorie=\"navigation\" data-gtm-custom-action=\"crossclick\" data-gtm-custom-label=\"Contextuel\" data-gtm-event=\"customEventSPE\" data-fig-domain=\"LEFIGARO\">plus de dix erreurs orthographiques<\/a> \u00a0ou syntaxiques, avec des fautes r\u00e9currentes telles que \u201cmalgr\u00e9s que\u201d, \u201cparmis\u201d, \u201ccomme m\u00eame\u201c, \u201cle champs lexical\u201d, et des confusions entre homophones (a\/\u00e0, ce\/se)\u00a0\u00bb, constate le jury de l\u2019acad\u00e9mie d\u2019Amiens pour l\u2019\u00e9preuve de fran\u00e7ais\u2026<\/p>\n<p class=\"fig-premium-paywall__infos\">\n        Cet article est r\u00e9serv\u00e9 aux abonn\u00e9s.        Il vous reste 92% \u00e0 d\u00e9couvrir.\n    <\/p>\n<p>                <img  data- alt=\"Le Figaro\" class=\"fig-img--complete fig-img\"\/><\/p>\n<p class=\"fig-premium-paywall__title\">Vente Flash : derniers jours<\/p>\n<p class=\"fig-premium-paywall__subtitle\">3,99\u20ac par mois pendant 12 mois. Sans engagement.<\/p>\n<p class=\"fig-premium-paywall__connect\">\n                D\u00e9j\u00e0 abonn\u00e9\u00a0?                <a class=\"fig-premium-paywall__connect-link\" href=\"https:\/\/connect.lefigaro.fr\/login?client=horizon_web&amp;type=main&amp;redirect_uri=https%3A%2F%2Fwww.lefigaro.fr%2Factualite-france%2Fmalgres-que-comme-meme-de-base-le-niveau-inquietant-des-candidats-au-concours-des-professeurs-des-ecoles-20250626\" data-js-gtm=\"{&quot;customCategorie&quot;: &quot;conversion&quot;, &quot;customAction&quot;: &quot;before_Landing_Connexion_paywall_auto&quot;, &quot;customLabel&quot;: &quot;bGVmaWdhcm8uZnJfXzFmMDUxMDdhLWRhZTMtNjI0MC1iODliLWNmNTNjZTY4YTk5Nl9fQXJ0aWNsZQ==_\u00abMalgr\u00e9s que\u00bb, \u00abcomme m\u00eame\u00bb, \u00abde base\u00bb\u2026 Le niveau inqui\u00e9tant des candidats au concours des professeurs des \u00e9coles_424&quot;, &quot;customIDSPE&quot;: &quot;bGVmaWdhcm8uZnJfXzFmMDUxMDdhLWRhZTMtNjI0MC1iODliLWNmNTNjZTY4YTk5Nl9fQXJ0aWNsZQ==&quot;, &quot;event&quot;: &quot;customEventSPE&quot;}\" rel=\"nofollow noopener\" target=\"_blank\"><br \/>\n                    Connectez-vous<br \/>\n                <\/a>\n            <\/p>\n","protected":false},"excerpt":{"rendered":"ENQU\u00caTE &#8211; Alors que les candidats sont de moins en moins nombreux, l\u2019\u00c9ducation nationale revoit ses exigences \u00e0&hellip;\n","protected":false},"author":2,"featured_media":206696,"comment_status":"","ping_status":"","sticky":false,"template":"","format":"standard","meta":{"footnotes":""},"categories":[2],"tags":[47,1058,1054,1059,1060,1055,11,1057,11271,118,1011,27,1061,303,12,1062,656,104,1056,809],"class_list":{"0":"post-206695","1":"post","2":"type-post","3":"status-publish","4":"format-standard","5":"has-post-thumbnail","7":"category-actualites","8":"tag-actualite","9":"tag-actualite-education","10":"tag-actualite-france","11":"tag-actualite-justice","12":"tag-actualite-securite","13":"tag-actualite-societe","14":"tag-actualites","15":"tag-education","16":"tag-enseignants","17":"tag-faits-divers","18":"tag-fr","19":"tag-france","20":"tag-immigration","21":"tag-justice","22":"tag-news","23":"tag-polemique","24":"tag-securite","25":"tag-societe","26":"tag-societe-francaise","27":"tag-violence"},"share_on_mastodon":{"url":"https:\/\/pubeurope.com\/@fr\/114751631805109611","error":""},"_links":{"self":[{"href":"https:\/\/www.europesays.com\/fr\/wp-json\/wp\/v2\/posts\/206695","targetHints":{"allow":["GET"]}}],"collection":[{"href":"https:\/\/www.europesays.com\/fr\/wp-json\/wp\/v2\/posts"}],"about":[{"href":"https:\/\/www.europesays.com\/fr\/wp-json\/wp\/v2\/types\/post"}],"author":[{"embeddable":true,"href":"https:\/\/www.europesays.com\/fr\/wp-json\/wp\/v2\/users\/2"}],"replies":[{"embeddable":true,"href":"https:\/\/www.europesays.com\/fr\/wp-json\/wp\/v2\/comments?post=206695"}],"version-history":[{"count":0,"href":"https:\/\/www.europesays.com\/fr\/wp-json\/wp\/v2\/posts\/206695\/revisions"}],"wp:featuredmedia":[{"embeddable":true,"href":"https:\/\/www.europesays.com\/fr\/wp-json\/wp\/v2\/media\/206696"}],"wp:attachment":[{"href":"https:\/\/www.europesays.com\/fr\/wp-json\/wp\/v2\/media?parent=206695"}],"wp:term":[{"taxonomy":"category","embeddable":true,"href":"https:\/\/www.europesays.com\/fr\/wp-json\/wp\/v2\/categories?post=206695"},{"taxonomy":"post_tag","embeddable":true,"href":"https:\/\/www.europesays.com\/fr\/wp-json\/wp\/v2\/tags?post=206695"}],"curies":[{"name":"wp","href":"https:\/\/api.w.org\/{rel}","templated":true}]}}