{"id":206697,"date":"2025-06-26T20:48:10","date_gmt":"2025-06-26T20:48:10","guid":{"rendered":"https:\/\/www.europesays.com\/fr\/206697\/"},"modified":"2025-06-26T20:48:10","modified_gmt":"2025-06-26T20:48:10","slug":"la-biennale-du-design-repart-a-la-conquete-du-public-stephanois","status":"publish","type":"post","link":"https:\/\/www.europesays.com\/fr\/206697\/","title":{"rendered":"LA BIENNALE DU DESIGN REPART \u00c0 LA CONQU\u00caTE DU PUBLIC ST\u00c9PHANOIS"},"content":{"rendered":"<p>Eric Jourdan, directeur de l\u2019EPCC Cit\u00e9 du Design, avait annonc\u00e9 la couleur d\u00e8s l\u2019\u00e9t\u00e9 dernier : cette 13\u00e8me \u00e9dition devait imp\u00e9rativement reconqu\u00e9rir les habitants de la m\u00e9tropole st\u00e9phanoise. Le d\u00e9fi \u00e9tait de taille pour un \u00e9v\u00e9nement que certains n\u2019h\u00e9sitent pas \u00e0 qualifier de \u00ab\u00a0derni\u00e8re chance\u00a0\u00bb.<\/p>\n<p>Face aux contraintes budg\u00e9taires, les organisateurs ont fait le choix de la sobri\u00e9t\u00e9 sans sacrifier l\u2019ambition. L\u2019\u00e9v\u00e9nement rassemble d\u00e9sormais 275 cr\u00e9ateurs r\u00e9partis sur trois sites strat\u00e9giques : La Platine, la Cit\u00e9 du design et les Halles Barrouin, cette derni\u00e8re \u00e9tant une nouveaut\u00e9 impos\u00e9e par les travaux en cours. Cette \u00e9dition propose au total 3 600 m\u00e8tres carr\u00e9s d\u2019espaces d\u2019exposition pr\u00e9sentant 300 cr\u00e9ations et projets innovants.<\/p>\n<p>L\u2019objet au c\u0153ur de la r\u00e9flexion contemporaine<\/p>\n<p>Cette nouvelle mouture privil\u00e9gie une approche concr\u00e8te du design en mettant l\u2019accent sur les r\u00e9alisations tangibles. Les visiteurs peuvent notamment d\u00e9couvrir \u00ab\u00a0Cr\u00e9er en Arm\u00e9nie\u00a0\u00bb, exposition d\u00e9di\u00e9e au pays invit\u00e9, ainsi qu\u2019un hommage \u00e0 Raymond Guidot, figure embl\u00e9matique de l\u2019ing\u00e9nierie du design et de l\u2019enseignement. L\u2019ensemble des pr\u00e9sentations s\u2019articule autour de la th\u00e9matique \u00ab\u00a0ressource(s), pr\u00e9sager demain\u00a0\u00bb, explorant les questions d\u2019upcycling, de repens\u00e9e des fili\u00e8res industrielles et d\u2019int\u00e9gration de l\u2019intelligence artificielle dans les processus cr\u00e9atifs.<\/p>\n<p>L\u2019exposition principale, orchestr\u00e9e par la sc\u00e9nographie color\u00e9e de Joachim Jirou-Najou aux Halles Barrouin, met particuli\u00e8rement en valeur les talents locaux. Laurence Salmon, directrice scientifique de l\u2019\u00e9v\u00e9nement, souligne l\u2019importance de cette d\u00e9marche qui r\u00e9v\u00e8le des innovations prometteuses. Les \u00e9tudiants de l\u2019\u00c9cole sup\u00e9rieure d\u2019art et design de Saint-\u00c9tienne (Esadse) occupent une place de choix avec leur projet Fab\u00e9cole, fruit de collaborations avec des entreprises r\u00e9gionales, \u00e0 l\u2019image du porte-bouteille en cuir v\u00e9g\u00e9tal.<\/p>\n<p>Une dimension participative renforc\u00e9e<\/p>\n<p>L\u2019initiative \u00ab\u00a0Bancs d\u2019essai\u00a0\u00bb illustre parfaitement cette volont\u00e9 d\u2019ancrage territorial. Ces cr\u00e9ations d\u2019anciens \u00e9tudiants, con\u00e7ues en partenariat avec des entreprises de la r\u00e9gion, investissent l\u2019espace public de Saint-\u00c9tienne mais aussi des communes environnantes comme La Grand\u2019Croix et Ch\u00e2teauneuf. Cette approche hors les murs rend le design accessible au plus grand nombre et transforme l\u2019agglom\u00e9ration en v\u00e9ritable laboratoire cr\u00e9atif.<\/p>\n<p>Pour fid\u00e9liser un public \u00e9largi, la programmation festive s\u2019\u00e9tend sur six week-ends cons\u00e9cutifs, du 24 mai au 29 juin. L\u2019originalit\u00e9 est au rendez-vous avec une f\u00eate foraine insolite construite enti\u00e8rement \u00e0 partir de mat\u00e9riaux recycl\u00e9s et des spectacles pyrotechniques nocturnes. Le festival d\u2019arts de rue \u00ab\u00a0Compl\u00e8tement gaga\u00a0\u00bb investira la Cit\u00e9 du design les 30 mai et 1er juin avec quatre repr\u00e9sentations.<\/p>\n<p>De la cr\u00e9ation \u00e0 la r\u00e9cup\u00e9ration : un programme \u00e9clectique<\/p>\n<p>Le programme se diversifie au fil des semaines : march\u00e9 de cr\u00e9ateurs et ateliers d\u2019initiation les 7 et 8 juin, agr\u00e9ment\u00e9s d\u2019un d\u00e9fil\u00e9 mettant en sc\u00e8ne les r\u00e9alisations des \u00e9l\u00e8ves du lyc\u00e9e des M\u00e9tiers de la mode Adrien Testud, toutes confectionn\u00e9es \u00e0 partir de mati\u00e8res r\u00e9cup\u00e9r\u00e9es. Les 14 et 15 juin seront consacr\u00e9s au bien-\u00eatre, tandis que le week-end suivant c\u00e9l\u00e9brera la musique. La cl\u00f4ture, pr\u00e9vue les 28 et 29 juin, r\u00e9unira marchands d\u2019objets vintage, disquaires, antiquaires et brocanteurs pour un final plac\u00e9 sous le signe de la seconde main.<\/p>\n<p>Si l\u2019ensemble des propositions ne s\u2019adresse pas n\u00e9cessairement aux n\u00e9ophytes, cette 13\u00e8me \u00e9dition marque une volont\u00e9 claire de d\u00e9mocratisation. L\u2019enrichissement de la programmation festive et la diversification des approches permettent \u00e0 chaque visiteur de trouver son point d\u2019entr\u00e9e dans l\u2019univers du design contemporain. Un d\u00e9fi relev\u00e9 pour redonner \u00e0 cet \u00e9v\u00e9nement sa place dans le c\u0153ur des St\u00e9phanois.<\/p>\n<p>Le site de la Biennale de Saint-\u00c9tienne <strong><a href=\"https:\/\/www.biennale-design.com\/saint-etienne\/2025\/\" target=\"_blank\" rel=\"noreferrer noopener nofollow\">ICI<\/a><\/strong>.<\/p>\n<p>\u00a9 Photo,\u2009Vincent Muteau<\/p>\n","protected":false},"excerpt":{"rendered":"Eric Jourdan, directeur de l\u2019EPCC Cit\u00e9 du Design, avait annonc\u00e9 la couleur d\u00e8s l\u2019\u00e9t\u00e9 dernier : cette 13\u00e8me&hellip;\n","protected":false},"author":2,"featured_media":206698,"comment_status":"","ping_status":"","sticky":false,"template":"","format":"standard","meta":{"footnotes":""},"categories":[9653],"tags":[1111,11,2430,24436,251,1777,674,1011,27,3367,12,25,4001],"class_list":{"0":"post-206697","1":"post","2":"type-post","3":"status-publish","4":"format-standard","5":"has-post-thumbnail","7":"category-saint-etienne","8":"tag-actu","9":"tag-actualites","10":"tag-auvergne-rhone-alpes","11":"tag-biennale","12":"tag-culture","13":"tag-eu","14":"tag-europe","15":"tag-fr","16":"tag-france","17":"tag-loire","18":"tag-news","19":"tag-republique-francaise","20":"tag-saint-etienne"},"share_on_mastodon":{"url":"https:\/\/pubeurope.com\/@fr\/114751635765817593","error":""},"_links":{"self":[{"href":"https:\/\/www.europesays.com\/fr\/wp-json\/wp\/v2\/posts\/206697","targetHints":{"allow":["GET"]}}],"collection":[{"href":"https:\/\/www.europesays.com\/fr\/wp-json\/wp\/v2\/posts"}],"about":[{"href":"https:\/\/www.europesays.com\/fr\/wp-json\/wp\/v2\/types\/post"}],"author":[{"embeddable":true,"href":"https:\/\/www.europesays.com\/fr\/wp-json\/wp\/v2\/users\/2"}],"replies":[{"embeddable":true,"href":"https:\/\/www.europesays.com\/fr\/wp-json\/wp\/v2\/comments?post=206697"}],"version-history":[{"count":0,"href":"https:\/\/www.europesays.com\/fr\/wp-json\/wp\/v2\/posts\/206697\/revisions"}],"wp:featuredmedia":[{"embeddable":true,"href":"https:\/\/www.europesays.com\/fr\/wp-json\/wp\/v2\/media\/206698"}],"wp:attachment":[{"href":"https:\/\/www.europesays.com\/fr\/wp-json\/wp\/v2\/media?parent=206697"}],"wp:term":[{"taxonomy":"category","embeddable":true,"href":"https:\/\/www.europesays.com\/fr\/wp-json\/wp\/v2\/categories?post=206697"},{"taxonomy":"post_tag","embeddable":true,"href":"https:\/\/www.europesays.com\/fr\/wp-json\/wp\/v2\/tags?post=206697"}],"curies":[{"name":"wp","href":"https:\/\/api.w.org\/{rel}","templated":true}]}}